{"id":1450,"date":"2024-07-15T09:35:00","date_gmt":"2024-07-15T07:35:00","guid":{"rendered":"https:\/\/beep.rent\/baza-wiedzy\/?p=1450"},"modified":"2024-07-16T11:58:20","modified_gmt":"2024-07-16T09:58:20","slug":"czarna-skrzynka-w-autach-obowiazkowa-od-lipca-2024-roku","status":"publish","type":"post","link":"https:\/\/beep.rent\/baza-wiedzy\/czarna-skrzynka-w-autach-obowiazkowa-od-lipca-2024-roku\/","title":{"rendered":"<a><\/a>Czarna skrzynka w autach obowi\u0105zkowa od lipca 2024 roku"},"content":{"rendered":"\n<p>7 lipca wprowadzono przepisy nakazuj\u0105ce instalacj\u0119 czarnych skrzynek w nowych samochodach. Czarna skrzynka, czyli rejestrator danych zdarze\u0144 (EDR), znana z lotnictwa, gromadzi istotne informacje pomagaj\u0105ce ustali\u0107 przyczyny katastrof i eliminowa\u0107 usterki. Podobny cel przy\u015bwieca\u0142 Parlamentowi Europejskiemu i Radzie UE, ustanawiaj\u0105cym ten obowi\u0105zek w autach.<\/p>\n\n\n\n<p><\/p>\n\n\n\n<figure class=\"wp-block-image size-large\"><img loading=\"lazy\" decoding=\"async\" width=\"1024\" height=\"683\" src=\"https:\/\/beep.rent\/baza-wiedzy\/wp-content\/uploads\/2024\/07\/getty-images-1MNxbCCc-ZU-unsplash-1024x683.jpg\" alt=\"Czarna skrzynka w autach\" class=\"wp-image-1454\" srcset=\"https:\/\/beep.rent\/baza-wiedzy\/wp-content\/uploads\/2024\/07\/getty-images-1MNxbCCc-ZU-unsplash-1024x683.jpg 1024w, https:\/\/beep.rent\/baza-wiedzy\/wp-content\/uploads\/2024\/07\/getty-images-1MNxbCCc-ZU-unsplash-300x200.jpg 300w, https:\/\/beep.rent\/baza-wiedzy\/wp-content\/uploads\/2024\/07\/getty-images-1MNxbCCc-ZU-unsplash-768x512.jpg 768w, https:\/\/beep.rent\/baza-wiedzy\/wp-content\/uploads\/2024\/07\/getty-images-1MNxbCCc-ZU-unsplash-1536x1025.jpg 1536w, https:\/\/beep.rent\/baza-wiedzy\/wp-content\/uploads\/2024\/07\/getty-images-1MNxbCCc-ZU-unsplash.jpg 1920w\" sizes=\"auto, (max-width: 1024px) 100vw, 1024px\" \/><\/figure>\n\n\n\n<h2 class=\"wp-block-heading\"><a><\/a>Jakie informacje przechowuje czarna skrzynka?<\/h2>\n\n\n\n<p>Obowi\u0105zek instalacji czarnej skrzynki obejmuje ka\u017cdy nowy samoch\u00f3d osobowy i dostawczy o dopuszczalnej masie ca\u0142kowitej do 3,5 tony, sprzedawany w krajach Unii Europejskiej. Rejestratory maj\u0105 zapisywa\u0107 dane z 5 sekund przed i po zdarzeniu drogowym. Rejestrator uruchomi si\u0119 i zapisze dane na dysku jedynie wtedy, gdy aktywuj\u0105 si\u0119 poduszki powietrzne lub system wykryje wysokie przeci\u0105\u017cenie.<\/p>\n\n\n\n<p>Warto nadmieni\u0107, \u017ce tego typu systemy by\u0142y ju\u017c montowane w samochodach, jednak nowa ustawa wprowadza ustandaryzowane zasady zapisu i przechowywania danych. Ponadto producenci samochod\u00f3w s\u0105 zobligowani do zapewnienia ochrony przed manipulacj\u0105 w systemach, a tak\u017ce do udost\u0119pniania informacji w formacie nadaj\u0105cym si\u0119 do odczytu maszynowego.<\/p>\n\n\n\n<p>Rejestrator nie b\u0119dzie nagrywa\u0142 wizerunku kierowcy ani d\u017awi\u0119ku z kabiny. Informacje, kt\u00f3re zbieraj\u0105 rejestratory zdarze\u0144 (EDR), to m.in.:<\/p>\n\n\n\n<ul class=\"wp-block-list\"><li>pr\u0119dko\u015b\u0107 pojazdu w zakresie od 0 do 250 km\/h,<\/li><li>pr\u0119dko\u015b\u0107 obrotowa silnika,<\/li><li>procentowy wska\u017anik wci\u015bni\u0119cia hamulca,<\/li><li>k\u0105t skr\u0119tu kierownicy,<\/li><li>ruchy kierownic\u0105,<\/li><li>w\u0142\u0105czenie \u015bwiate\u0142,<\/li><li>obecno\u015b\u0107 wsp\u00f3\u0142pasa\u017cer\u00f3w,<\/li><li>przyspieszenia wzd\u0142u\u017cne i poprzeczne w czasie kolizji,<\/li><li>k\u0105t przechy\u0142u pojazdu,<\/li><li>stan pas\u00f3w bezpiecze\u0144stwa,<\/li><li>stan napinaczy pas\u00f3w,<\/li><li>aktywacj\u0119 poduszek powietrznych,<\/li><li>stan kontrolki systemu pomiaru ci\u015bnienia powietrza w oponach (TPMS),<\/li><li>dzia\u0142anie tempomatu,<\/li><li>stan aktywnych system\u00f3w wspomagania kierowcy.<\/li><\/ul>\n\n\n\n<p><\/p>\n\n\n\n<figure class=\"wp-block-image size-large\"><img loading=\"lazy\" decoding=\"async\" width=\"1024\" height=\"683\" src=\"https:\/\/beep.rent\/baza-wiedzy\/wp-content\/uploads\/2024\/07\/getty-images-N6-3wyWg5WM-unsplash-1024x683.jpg\" alt=\"Czarna skrzynka w autach\" class=\"wp-image-1455\" srcset=\"https:\/\/beep.rent\/baza-wiedzy\/wp-content\/uploads\/2024\/07\/getty-images-N6-3wyWg5WM-unsplash-1024x683.jpg 1024w, https:\/\/beep.rent\/baza-wiedzy\/wp-content\/uploads\/2024\/07\/getty-images-N6-3wyWg5WM-unsplash-300x200.jpg 300w, https:\/\/beep.rent\/baza-wiedzy\/wp-content\/uploads\/2024\/07\/getty-images-N6-3wyWg5WM-unsplash-768x512.jpg 768w, https:\/\/beep.rent\/baza-wiedzy\/wp-content\/uploads\/2024\/07\/getty-images-N6-3wyWg5WM-unsplash-1536x1025.jpg 1536w, https:\/\/beep.rent\/baza-wiedzy\/wp-content\/uploads\/2024\/07\/getty-images-N6-3wyWg5WM-unsplash.jpg 1920w\" sizes=\"auto, (max-width: 1024px) 100vw, 1024px\" \/><\/figure>\n\n\n\n<h2 class=\"wp-block-heading\"><a><\/a>Kto mo\u017ce odczytywa\u0107 dane z EDR?<\/h2>\n\n\n\n<p>Czarne skrzynki s\u0142u\u017c\u0105 g\u0142\u00f3wnie do ustalania przyczyn zdarze\u0144 drogowych, szczeg\u00f3lnie w sytuacjach, gdy brakuje wiarygodnych \u015bwiadk\u00f3w. Dane z EDR s\u0105 nieocenione dla ubezpieczycieli przy analizie wypadk\u00f3w i ustalaniu odpowiedzialno\u015bci. S\u0142u\u017c\u0105 r\u00f3wnie\u017c jako dowody w post\u0119powaniach s\u0105dowych, pomagaj\u0105c w rekonstrukcji zdarze\u0144. Warto nadmieni\u0107, \u017ce rejestratory pozwalaj\u0105 na wyci\u0105gni\u0119cie danych, nawet gdy samoch\u00f3d zosta\u0142 ca\u0142kowicie zniszczony.<\/p>\n\n\n\n<p>Ponadto producenci samochod\u00f3w wykorzystuj\u0105 dane ze skrzynek do oceny dzia\u0142ania pojazd\u00f3w i opracowywania nowych system\u00f3w bezpiecze\u0144stwa, co ma na celu zwi\u0119kszenie ochrony pasa\u017cer\u00f3w i minimalizacj\u0119 ryzyka wypadk\u00f3w.<\/p>\n\n\n\n<p>Dost\u0119p do danych z czarnych skrzynek maj\u0105 wi\u0119c przede wszystkim organy \u015bcigania, agencje rz\u0105dowe odpowiedzialne za analiz\u0119 wypadk\u00f3w drogowych, a tak\u017ce ubezpieczyciele i s\u0105dy w kontek\u015bcie rozpatrywania roszcze\u0144. Aby odczyta\u0107 dane, nale\u017cy pod\u0142\u0105czy\u0107 specjalistyczny sprz\u0119t diagnostyczny do z\u0142\u0105cza w samochodzie. Dane z rejestratora mo\u017cna usun\u0105\u0107, ale tego typu manipulacje zawsze pozostawi\u0105 \u015blad, a informacje zazwyczaj mo\u017cna odzyska\u0107.<\/p>\n\n\n\n<h2 class=\"wp-block-heading\"><a><\/a>&nbsp;<\/h2>\n","protected":false},"excerpt":{"rendered":"<p>Od 7 lipca 2024 nowe samochody w UE musz\u0105 mie\u0107 czarne skrzynki (EDR), rejestruj\u0105ce dane przed i po wypadku. Pomog\u0105 one w analizie zdarze\u0144 i poprawie bezpiecze\u0144stwa. Sprawd\u017a szczeg\u00f3\u0142y! &#8230;<\/p>\n","protected":false},"author":8,"featured_media":1453,"comment_status":"closed","ping_status":"closed","sticky":false,"template":"","format":"standard","meta":{"footnotes":""},"categories":[4,5],"tags":[31,38],"class_list":["post-1450","post","type-post","status-publish","format-standard","has-post-thumbnail","hentry","category-ciekawostki","category-newsy","tag-ciekawostki-motoryzacyjne","tag-porady-beep"],"acf":[],"yoast_head":"<!-- This site is optimized with the Yoast SEO plugin v24.7 - https:\/\/yoast.com\/wordpress\/plugins\/seo\/ -->\n<title>Czarna skrzynka w autach obowi\u0105zkowa od lipca 2024 roku - BEEP.rent<\/title>\n<meta name=\"description\" content=\"Od lipca 2024 nowe auta w UE b\u0119d\u0105 mia\u0142y czarne skrzynki (EDR) rejestruj\u0105ce dane z wypadk\u00f3w. Dowiedz si\u0119 wi\u0119cej o nowych przepisach!\" \/>\n<meta name=\"robots\" content=\"index, follow, max-snippet:-1, max-image-preview:large, max-video-preview:-1\" \/>\n<link rel=\"canonical\" href=\"https:\/\/beep.rent\/baza-wiedzy\/czarna-skrzynka-w-autach-obowiazkowa-od-lipca-2024-roku\/\" \/>\n<meta property=\"og:locale\" content=\"pl_PL\" \/>\n<meta property=\"og:type\" content=\"article\" \/>\n<meta property=\"og:title\" content=\"Czarna skrzynka w autach obowi\u0105zkowa od lipca 2024 roku - BEEP.rent\" \/>\n<meta property=\"og:description\" content=\"Od lipca 2024 nowe auta w UE b\u0119d\u0105 mia\u0142y czarne skrzynki (EDR) rejestruj\u0105ce dane z wypadk\u00f3w. Dowiedz si\u0119 wi\u0119cej o nowych przepisach!\" \/>\n<meta property=\"og:url\" content=\"https:\/\/beep.rent\/baza-wiedzy\/czarna-skrzynka-w-autach-obowiazkowa-od-lipca-2024-roku\/\" \/>\n<meta property=\"og:site_name\" content=\"BEEP.rent\" \/>\n<meta property=\"article:published_time\" content=\"2024-07-15T07:35:00+00:00\" \/>\n<meta property=\"article:modified_time\" content=\"2024-07-16T09:58:20+00:00\" \/>\n<meta property=\"og:image\" content=\"https:\/\/beep.rent\/baza-wiedzy\/wp-content\/uploads\/2024\/07\/getty-images-nxUKmk7gFnc-unsplash.jpg\" \/>\n\t<meta property=\"og:image:width\" content=\"1920\" \/>\n\t<meta property=\"og:image:height\" content=\"1281\" \/>\n\t<meta property=\"og:image:type\" content=\"image\/jpeg\" \/>\n<meta name=\"author\" content=\"BEEP\" \/>\n<meta name=\"twitter:card\" content=\"summary_large_image\" \/>\n<meta name=\"twitter:label1\" content=\"Napisane przez\" \/>\n\t<meta name=\"twitter:data1\" content=\"BEEP\" \/>\n\t<meta name=\"twitter:label2\" content=\"Szacowany czas czytania\" \/>\n\t<meta name=\"twitter:data2\" content=\"3 minuty\" \/>\n<script type=\"application\/ld+json\" class=\"yoast-schema-graph\">{\"@context\":\"https:\/\/schema.org\",\"@graph\":[{\"@type\":\"WebPage\",\"@id\":\"https:\/\/beep.rent\/baza-wiedzy\/czarna-skrzynka-w-autach-obowiazkowa-od-lipca-2024-roku\/\",\"url\":\"https:\/\/beep.rent\/baza-wiedzy\/czarna-skrzynka-w-autach-obowiazkowa-od-lipca-2024-roku\/\",\"name\":\"Czarna skrzynka w autach obowi\u0105zkowa od lipca 2024 roku - BEEP.rent\",\"isPartOf\":{\"@id\":\"https:\/\/beep.rent\/baza-wiedzy\/#website\"},\"primaryImageOfPage\":{\"@id\":\"https:\/\/beep.rent\/baza-wiedzy\/czarna-skrzynka-w-autach-obowiazkowa-od-lipca-2024-roku\/#primaryimage\"},\"image\":{\"@id\":\"https:\/\/beep.rent\/baza-wiedzy\/czarna-skrzynka-w-autach-obowiazkowa-od-lipca-2024-roku\/#primaryimage\"},\"thumbnailUrl\":\"https:\/\/beep.rent\/baza-wiedzy\/wp-content\/uploads\/2024\/07\/getty-images-nxUKmk7gFnc-unsplash.jpg\",\"datePublished\":\"2024-07-15T07:35:00+00:00\",\"dateModified\":\"2024-07-16T09:58:20+00:00\",\"author\":{\"@id\":\"https:\/\/beep.rent\/baza-wiedzy\/#\/schema\/person\/5db2e9c7e814c8450566b7fc8b6e124c\"},\"description\":\"Od lipca 2024 nowe auta w UE b\u0119d\u0105 mia\u0142y czarne skrzynki (EDR) rejestruj\u0105ce dane z wypadk\u00f3w. Dowiedz si\u0119 wi\u0119cej o nowych przepisach!\",\"breadcrumb\":{\"@id\":\"https:\/\/beep.rent\/baza-wiedzy\/czarna-skrzynka-w-autach-obowiazkowa-od-lipca-2024-roku\/#breadcrumb\"},\"inLanguage\":\"pl-PL\",\"potentialAction\":[{\"@type\":\"ReadAction\",\"target\":[\"https:\/\/beep.rent\/baza-wiedzy\/czarna-skrzynka-w-autach-obowiazkowa-od-lipca-2024-roku\/\"]}]},{\"@type\":\"ImageObject\",\"inLanguage\":\"pl-PL\",\"@id\":\"https:\/\/beep.rent\/baza-wiedzy\/czarna-skrzynka-w-autach-obowiazkowa-od-lipca-2024-roku\/#primaryimage\",\"url\":\"https:\/\/beep.rent\/baza-wiedzy\/wp-content\/uploads\/2024\/07\/getty-images-nxUKmk7gFnc-unsplash.jpg\",\"contentUrl\":\"https:\/\/beep.rent\/baza-wiedzy\/wp-content\/uploads\/2024\/07\/getty-images-nxUKmk7gFnc-unsplash.jpg\",\"width\":1920,\"height\":1281,\"caption\":\"Czarna skrzynka w autach\"},{\"@type\":\"BreadcrumbList\",\"@id\":\"https:\/\/beep.rent\/baza-wiedzy\/czarna-skrzynka-w-autach-obowiazkowa-od-lipca-2024-roku\/#breadcrumb\",\"itemListElement\":[{\"@type\":\"ListItem\",\"position\":1,\"name\":\"Strona g\u0142\u00f3wna\",\"item\":\"https:\/\/beep.rent\/baza-wiedzy\/\"},{\"@type\":\"ListItem\",\"position\":2,\"name\":\"Czarna skrzynka w autach obowi\u0105zkowa od lipca 2024 roku\"}]},{\"@type\":\"WebSite\",\"@id\":\"https:\/\/beep.rent\/baza-wiedzy\/#website\",\"url\":\"https:\/\/beep.rent\/baza-wiedzy\/\",\"name\":\"BEEP.rent\",\"description\":\"BEEP.rent\",\"potentialAction\":[{\"@type\":\"SearchAction\",\"target\":{\"@type\":\"EntryPoint\",\"urlTemplate\":\"https:\/\/beep.rent\/baza-wiedzy\/?s={search_term_string}\"},\"query-input\":{\"@type\":\"PropertyValueSpecification\",\"valueRequired\":true,\"valueName\":\"search_term_string\"}}],\"inLanguage\":\"pl-PL\"},{\"@type\":\"Person\",\"@id\":\"https:\/\/beep.rent\/baza-wiedzy\/#\/schema\/person\/5db2e9c7e814c8450566b7fc8b6e124c\",\"name\":\"BEEP\",\"image\":{\"@type\":\"ImageObject\",\"inLanguage\":\"pl-PL\",\"@id\":\"https:\/\/beep.rent\/baza-wiedzy\/#\/schema\/person\/image\/\",\"url\":\"https:\/\/beep.rent\/baza-wiedzy\/wp-content\/uploads\/2025\/01\/cropped-Zrzut-ekranu-z-2025-01-28-11-11-55-96x96.png\",\"contentUrl\":\"https:\/\/beep.rent\/baza-wiedzy\/wp-content\/uploads\/2025\/01\/cropped-Zrzut-ekranu-z-2025-01-28-11-11-55-96x96.png\",\"caption\":\"BEEP\"},\"url\":\"https:\/\/beep.rent\/baza-wiedzy\/autor\/devbeep-rent\/\"}]}<\/script>\n<!-- \/ Yoast SEO plugin. -->","yoast_head_json":{"title":"Czarna skrzynka w autach obowi\u0105zkowa od lipca 2024 roku - BEEP.rent","description":"Od lipca 2024 nowe auta w UE b\u0119d\u0105 mia\u0142y czarne skrzynki (EDR) rejestruj\u0105ce dane z wypadk\u00f3w. Dowiedz si\u0119 wi\u0119cej o nowych przepisach!","robots":{"index":"index","follow":"follow","max-snippet":"max-snippet:-1","max-image-preview":"max-image-preview:large","max-video-preview":"max-video-preview:-1"},"canonical":"https:\/\/beep.rent\/baza-wiedzy\/czarna-skrzynka-w-autach-obowiazkowa-od-lipca-2024-roku\/","og_locale":"pl_PL","og_type":"article","og_title":"Czarna skrzynka w autach obowi\u0105zkowa od lipca 2024 roku - BEEP.rent","og_description":"Od lipca 2024 nowe auta w UE b\u0119d\u0105 mia\u0142y czarne skrzynki (EDR) rejestruj\u0105ce dane z wypadk\u00f3w. Dowiedz si\u0119 wi\u0119cej o nowych przepisach!","og_url":"https:\/\/beep.rent\/baza-wiedzy\/czarna-skrzynka-w-autach-obowiazkowa-od-lipca-2024-roku\/","og_site_name":"BEEP.rent","article_published_time":"2024-07-15T07:35:00+00:00","article_modified_time":"2024-07-16T09:58:20+00:00","og_image":[{"width":1920,"height":1281,"url":"https:\/\/beep.rent\/baza-wiedzy\/wp-content\/uploads\/2024\/07\/getty-images-nxUKmk7gFnc-unsplash.jpg","type":"image\/jpeg"}],"author":"BEEP","twitter_card":"summary_large_image","twitter_misc":{"Napisane przez":"BEEP","Szacowany czas czytania":"3 minuty"},"schema":{"@context":"https:\/\/schema.org","@graph":[{"@type":"WebPage","@id":"https:\/\/beep.rent\/baza-wiedzy\/czarna-skrzynka-w-autach-obowiazkowa-od-lipca-2024-roku\/","url":"https:\/\/beep.rent\/baza-wiedzy\/czarna-skrzynka-w-autach-obowiazkowa-od-lipca-2024-roku\/","name":"Czarna skrzynka w autach obowi\u0105zkowa od lipca 2024 roku - BEEP.rent","isPartOf":{"@id":"https:\/\/beep.rent\/baza-wiedzy\/#website"},"primaryImageOfPage":{"@id":"https:\/\/beep.rent\/baza-wiedzy\/czarna-skrzynka-w-autach-obowiazkowa-od-lipca-2024-roku\/#primaryimage"},"image":{"@id":"https:\/\/beep.rent\/baza-wiedzy\/czarna-skrzynka-w-autach-obowiazkowa-od-lipca-2024-roku\/#primaryimage"},"thumbnailUrl":"https:\/\/beep.rent\/baza-wiedzy\/wp-content\/uploads\/2024\/07\/getty-images-nxUKmk7gFnc-unsplash.jpg","datePublished":"2024-07-15T07:35:00+00:00","dateModified":"2024-07-16T09:58:20+00:00","author":{"@id":"https:\/\/beep.rent\/baza-wiedzy\/#\/schema\/person\/5db2e9c7e814c8450566b7fc8b6e124c"},"description":"Od lipca 2024 nowe auta w UE b\u0119d\u0105 mia\u0142y czarne skrzynki (EDR) rejestruj\u0105ce dane z wypadk\u00f3w. Dowiedz si\u0119 wi\u0119cej o nowych przepisach!","breadcrumb":{"@id":"https:\/\/beep.rent\/baza-wiedzy\/czarna-skrzynka-w-autach-obowiazkowa-od-lipca-2024-roku\/#breadcrumb"},"inLanguage":"pl-PL","potentialAction":[{"@type":"ReadAction","target":["https:\/\/beep.rent\/baza-wiedzy\/czarna-skrzynka-w-autach-obowiazkowa-od-lipca-2024-roku\/"]}]},{"@type":"ImageObject","inLanguage":"pl-PL","@id":"https:\/\/beep.rent\/baza-wiedzy\/czarna-skrzynka-w-autach-obowiazkowa-od-lipca-2024-roku\/#primaryimage","url":"https:\/\/beep.rent\/baza-wiedzy\/wp-content\/uploads\/2024\/07\/getty-images-nxUKmk7gFnc-unsplash.jpg","contentUrl":"https:\/\/beep.rent\/baza-wiedzy\/wp-content\/uploads\/2024\/07\/getty-images-nxUKmk7gFnc-unsplash.jpg","width":1920,"height":1281,"caption":"Czarna skrzynka w autach"},{"@type":"BreadcrumbList","@id":"https:\/\/beep.rent\/baza-wiedzy\/czarna-skrzynka-w-autach-obowiazkowa-od-lipca-2024-roku\/#breadcrumb","itemListElement":[{"@type":"ListItem","position":1,"name":"Strona g\u0142\u00f3wna","item":"https:\/\/beep.rent\/baza-wiedzy\/"},{"@type":"ListItem","position":2,"name":"Czarna skrzynka w autach obowi\u0105zkowa od lipca 2024 roku"}]},{"@type":"WebSite","@id":"https:\/\/beep.rent\/baza-wiedzy\/#website","url":"https:\/\/beep.rent\/baza-wiedzy\/","name":"BEEP.rent","description":"BEEP.rent","potentialAction":[{"@type":"SearchAction","target":{"@type":"EntryPoint","urlTemplate":"https:\/\/beep.rent\/baza-wiedzy\/?s={search_term_string}"},"query-input":{"@type":"PropertyValueSpecification","valueRequired":true,"valueName":"search_term_string"}}],"inLanguage":"pl-PL"},{"@type":"Person","@id":"https:\/\/beep.rent\/baza-wiedzy\/#\/schema\/person\/5db2e9c7e814c8450566b7fc8b6e124c","name":"BEEP","image":{"@type":"ImageObject","inLanguage":"pl-PL","@id":"https:\/\/beep.rent\/baza-wiedzy\/#\/schema\/person\/image\/","url":"https:\/\/beep.rent\/baza-wiedzy\/wp-content\/uploads\/2025\/01\/cropped-Zrzut-ekranu-z-2025-01-28-11-11-55-96x96.png","contentUrl":"https:\/\/beep.rent\/baza-wiedzy\/wp-content\/uploads\/2025\/01\/cropped-Zrzut-ekranu-z-2025-01-28-11-11-55-96x96.png","caption":"BEEP"},"url":"https:\/\/beep.rent\/baza-wiedzy\/autor\/devbeep-rent\/"}]}},"_links":{"self":[{"href":"https:\/\/beep.rent\/baza-wiedzy\/wp-json\/wp\/v2\/posts\/1450","targetHints":{"allow":["GET"]}}],"collection":[{"href":"https:\/\/beep.rent\/baza-wiedzy\/wp-json\/wp\/v2\/posts"}],"about":[{"href":"https:\/\/beep.rent\/baza-wiedzy\/wp-json\/wp\/v2\/types\/post"}],"author":[{"embeddable":true,"href":"https:\/\/beep.rent\/baza-wiedzy\/wp-json\/wp\/v2\/users\/8"}],"replies":[{"embeddable":true,"href":"https:\/\/beep.rent\/baza-wiedzy\/wp-json\/wp\/v2\/comments?post=1450"}],"version-history":[{"count":1,"href":"https:\/\/beep.rent\/baza-wiedzy\/wp-json\/wp\/v2\/posts\/1450\/revisions"}],"predecessor-version":[{"id":1456,"href":"https:\/\/beep.rent\/baza-wiedzy\/wp-json\/wp\/v2\/posts\/1450\/revisions\/1456"}],"wp:featuredmedia":[{"embeddable":true,"href":"https:\/\/beep.rent\/baza-wiedzy\/wp-json\/wp\/v2\/media\/1453"}],"wp:attachment":[{"href":"https:\/\/beep.rent\/baza-wiedzy\/wp-json\/wp\/v2\/media?parent=1450"}],"wp:term":[{"taxonomy":"category","embeddable":true,"href":"https:\/\/beep.rent\/baza-wiedzy\/wp-json\/wp\/v2\/categories?post=1450"},{"taxonomy":"post_tag","embeddable":true,"href":"https:\/\/beep.rent\/baza-wiedzy\/wp-json\/wp\/v2\/tags?post=1450"}],"curies":[{"name":"wp","href":"https:\/\/api.w.org\/{rel}","templated":true}]}}