{"id":1637,"date":"2025-03-24T21:43:39","date_gmt":"2025-03-24T20:43:39","guid":{"rendered":"https:\/\/beep.rent\/baza-wiedzy\/?p=1637"},"modified":"2025-03-24T21:43:40","modified_gmt":"2025-03-24T20:43:40","slug":"wynajem-samochodu-na-majowke-2025","status":"publish","type":"post","link":"https:\/\/beep.rent\/baza-wiedzy\/wynajem-samochodu-na-majowke-2025\/","title":{"rendered":"Maj\u00f3wka 2025 \u2013 to ju\u017c czas na wynajem auta!"},"content":{"rendered":"\n<h2 class=\"wp-block-heading\">\ud83d\udcc5 Kiedy wypada maj\u00f3wka 2025?<\/h2>\n\n\n\n<ul class=\"wp-block-list\">\n<li><strong>Czwartek, 1 maja<\/strong> \u2013 \u015awi\u0119to Pracy<\/li>\n\n\n\n<li><strong>Pi\u0105tek, 2 maja<\/strong> \u2013 Dzie\u0144 Flagi \u2013 warto wzi\u0105\u0107 urlop<\/li>\n\n\n\n<li><strong>Sobota, 3 maja<\/strong> \u2013 \u015awi\u0119to Konstytucji<\/li>\n\n\n\n<li><strong>Niedziela, 4 maja<\/strong> \u2013 koniec weekendu<\/li>\n<\/ul>\n\n\n\n<p>Zaledwie <strong>jeden dzie\u0144 wolnego<\/strong> wystarczy, \u017ceby zaplanowa\u0107 pe\u0142noprawny city break, wycieczk\u0119 w g\u00f3ry, nad morze, albo szybki roadtrip za granic\u0119. Ale uwaga \u2013 <strong>auta na ten termin znikaj\u0105 naprawd\u0119 szybko!<\/strong> Je\u015bli planujesz wynajem samochodu na maj\u00f3wk\u0119, to ju\u017c najwy\u017cszy czas zapozna\u0107 si\u0119 z aktualnymi ofertami<br><br><\/p>\n\n\n\n<h2 class=\"wp-block-heading\">\ud83d\ude97 Dlaczego ju\u017c teraz warto rezerwowa\u0107 auto?<\/h2>\n\n\n\n<div class=\"wp-block-media-text has-media-on-the-right is-stacked-on-mobile\"><div class=\"wp-block-media-text__content\">\n<p>Maj\u00f3wka to <strong>jeden z najbardziej obleganych termin\u00f3w w roku<\/strong> w bran\u017cy wynajmu aut. Z tygodnia na tydzie\u0144:<\/p>\n\n\n\n<ul class=\"wp-block-list\">\n<li><strong>spada dost\u0119pno\u015b\u0107 najlepszych modeli<\/strong> (SUV-y, busy, automaty),<\/li>\n\n\n\n<li><strong>rosn\u0105 ceny<\/strong> \u2013 szczeg\u00f3lnie w du\u017cych miastach i na lotniskach,<\/li>\n\n\n\n<li>mo\u017ce zabrakn\u0105\u0107 aut 9-osobowych na wi\u0119ksze wyjazdy grupowe.<\/li>\n<\/ul>\n\n\n\n<p>Wcze\u015bniejsza rezerwacja to:<\/p>\n\n\n\n<ul class=\"wp-block-list\">\n<li>ni\u017csza cena,<\/li>\n\n\n\n<li>szerszy wyb\u00f3r samochod\u00f3w,<\/li>\n\n\n\n<li>spok\u00f3j i brak stresu tu\u017c przed wyjazdem.<\/li>\n<\/ul>\n\n\n\n<p>Je\u015bli planujesz pierwszy wyjazd wynaj\u0119tym autem, koniecznie zapoznaj si\u0119 z naszym <a href=\"https:\/\/beep.rent\/poradnik-jak-wynajac-samochod\/\">poradnikiem wynajmu<\/a>, kt\u00f3ry pomo\u017ce Ci wybra\u0107 najlepsz\u0105 dla Ciebie ofert\u0119.<\/p>\n<\/div><figure  class=\"wp-block-media-text__media\"><img loading=\"lazy\" decoding=\"async\" width=\"520\" height=\"720\" alt=\"wynajem samochodu na maj\u00f3wk\u0119\" src=\"https:\/\/beep.rent\/baza-wiedzy\/wp-content\/uploads\/2025\/03\/majowka-2025.png\" class=\"wp-image-1638 size-full\" srcset=\"https:\/\/beep.rent\/baza-wiedzy\/wp-content\/uploads\/2025\/03\/majowka-2025.png 520w, https:\/\/beep.rent\/baza-wiedzy\/wp-content\/uploads\/2025\/03\/majowka-2025-217x300.png 217w\" sizes=\"auto, (max-width: 520px) 100vw, 520px\" \/><\/figure><\/div>\n\n\n\n<h2 class=\"wp-block-heading\">Dok\u0105d pojecha\u0107 na maj\u00f3wk\u0119?<\/h2>\n\n\n\n<h3 class=\"wp-block-heading\">\ud83d\ude97 Gdzie pojecha\u0107 na 4 dniowy wypad w Polsce?<\/h3>\n\n\n\n<p>Oto kilka pomys\u0142\u00f3w na kr\u00f3tki, ale intensywny wypad:<\/p>\n\n\n\n<p><strong>Karkonosze lub Tatry<\/strong> \u2013 wiosenny g\u00f3rski trekking z widokami, kt\u00f3re zapieraj\u0105 dech.<\/p>\n\n\n\n<p><strong>Mazury<\/strong> \u2013 idealne na rozpocz\u0119cie sezonu wodnego. Cisza, jeziora, grill i relaks.<\/p>\n\n\n\n<p><strong>Bieszczady<\/strong> \u2013 dla tych, kt\u00f3rzy chc\u0105 \u201crzuci\u0107 wszystko\u201d i poczu\u0107 si\u0119 naprawd\u0119 offline.<\/p>\n\n\n\n<p><strong>Tr\u00f3jmiasto<\/strong> \u2013 morze na wyci\u0105gni\u0119cie r\u0119ki, a do tego masa atrakcji: muzea, restauracje, deptaki.<\/p>\n\n\n\n<p><\/p>\n\n\n\n<h3 class=\"wp-block-heading\">Wycieczki zagraniczne<\/h3>\n\n\n\n<p><strong>Praga albo Berlin<\/strong> \u2013 szybki wypad zagraniczny? Czemu nie! Z Polski to tylko kilka godzin jazdy.<\/p>\n\n\n\n<p>4 dni to idealny czas, by wyskoczy\u0107 autem <strong>poza Polsk\u0119<\/strong> \u2013 zw\u0142aszcza \u017ce wiele ofert na BEEP umo\u017cliwia <strong>wyjazd za granic\u0119<\/strong>, a stawki s\u0105 bardziej przejrzyste ni\u017c kiedykolwiek.<\/p>\n\n\n\n<h4 class=\"wp-block-heading\">Najpopularniejsze kierunki:<\/h4>\n\n\n\n<ul class=\"wp-block-list\">\n<li><strong>Czechy<\/strong> \u2013 Praga, Karlowe Wary, czeskie zamki i knedliki,<\/li>\n\n\n\n<li><strong>S\u0142owacja<\/strong> \u2013 Tatralandia, Liptowski Mikulasz i niskie Tatry,<\/li>\n\n\n\n<li><strong>W\u0119gry<\/strong> \u2013 Budapeszt, termy i jezioro Balaton,<\/li>\n\n\n\n<li><strong>Niemcy<\/strong> \u2013 Berlin lub Drezno na kulturalny city break,<\/li>\n\n\n\n<li><strong>Litwa<\/strong> \u2013 Wilno, Troki i klimatyczne wiosenne miasteczka.<\/li>\n<\/ul>\n\n\n\n<h2 class=\"wp-block-heading\">\ud83d\ude90 Nowo\u015b\u0107: busy 7- i 9-osobowe do wynaj\u0119cia w ca\u0142ej Polsce!<\/h2>\n\n\n\n<p>Od ubieg\u0142ego roku znacz\u0105co <strong>rozszerzyli\u015bmy flot\u0119<\/strong>. W ca\u0142ej Polsce oferujemy <strong>nowoczesne, komfortowe busy 7- i 9-osobowe<\/strong> renomowanych marek takich jak Toyota Proace czy Renault Trafic, idealne na wyjazdy z paczk\u0105 znajomych lub z ca\u0142\u0105 rodzin\u0105. <a href=\"https:\/\/beep.rent\/sale\/summary-car\/127d0bc5-a458-49bf-9057-190d1a2d15cb\/2025-04-30T16:00:00.000Z\/2025-05-04T16:00:00.000Z\">Samochody 7 osobowe bez kaucji i bez limitu kilometr\u00f3w ju\u017c od 229z\u0142 za dob\u0119!<\/a><\/p>\n\n\n\n<p>Dlaczego to \u015bwietny wyb\u00f3r?<\/p>\n\n\n\n<ul class=\"wp-block-list\">\n<li>Wszyscy jad\u0105 razem \u2013 wi\u0119ksza frajda i wygoda,<\/li>\n\n\n\n<li>Mo\u017cliwo\u015b\u0107 zmiany kierowc\u00f3w w trasie,<\/li>\n\n\n\n<li>Du\u017co miejsca na baga\u017ce i sprz\u0119t,<\/li>\n\n\n\n<li>Cz\u0119sto dost\u0119pne <strong>bez limitu kilometr\u00f3w i bez kaucji<\/strong>.<\/li>\n<\/ul>\n\n\n\n<p>Zajrzyj ju\u017c do <a href=\"https:\/\/beep.rent\/\">wyszukiwarki BEEP<\/a> i nie przegap najlepszych okazji wynajmu na Maj\u00f3wk\u0119 2025!<\/p>\n\n\n\n<p><\/p>\n\n\n\n<p><\/p>\n","protected":false},"excerpt":{"rendered":"<p>D\u0142ugi weekend majowy zbli\u017ca si\u0119 wielkimi krokami \u2013 a to idealny moment, by zaplanowa\u0107 wiosenny wyjazd! W 2025 roku maj\u00f3wka wypada wyj\u0105tkowo korzystnie \u2013 wystarczy wzi\u0105\u0107  jeden dzie\u0144 urlop &#8230;<\/p>\n","protected":false},"author":8,"featured_media":1638,"comment_status":"closed","ping_status":"closed","sticky":false,"template":"","format":"standard","meta":{"footnotes":""},"categories":[1],"tags":[52,53,13],"class_list":["post-1637","post","type-post","status-publish","format-standard","has-post-thumbnail","hentry","category-wypozyczalnia","tag-busy-do-wynajecia","tag-majowka-2025","tag-wynajem-aut"],"acf":[],"yoast_head":"<!-- This site is optimized with the Yoast SEO plugin v24.7 - https:\/\/yoast.com\/wordpress\/plugins\/seo\/ -->\n<title>Maj\u00f3wka 2025 \u2013 to ju\u017c czas na wynajem auta! - BEEP.rent<\/title>\n<meta name=\"description\" content=\"Kiedy wypada maj\u00f3wka 2025 i gdzie warto pojecha\u0107? Zarezerwuj auto ju\u017c dzi\u015b! Sprawd\u017a pomys\u0142y na wyjazd w Polsce i za granic\u0105. Samochody dla 7 os\u00f3b i busy 9-osobowe dost\u0119pne w ca\u0142ym kraju.\" \/>\n<meta name=\"robots\" content=\"index, follow, max-snippet:-1, max-image-preview:large, max-video-preview:-1\" \/>\n<link rel=\"canonical\" href=\"https:\/\/beep.rent\/baza-wiedzy\/wynajem-samochodu-na-majowke-2025\/\" \/>\n<meta property=\"og:locale\" content=\"pl_PL\" \/>\n<meta property=\"og:type\" content=\"article\" \/>\n<meta property=\"og:title\" content=\"Maj\u00f3wka 2025 tu\u017c-tu\u017c! Sprawd\u017a, gdzie jecha\u0107 i zarezerwuj auto, zanim znikn\u0105 najlepsze oferty \ud83d\ude97\ud83c\udf38\" \/>\n<meta property=\"og:description\" content=\"\ud83d\udcc5 Kiedy wypada maj\u00f3wka 2025?\ud83d\udc49 Od 1 do 4 maja \u2013 wystarczy wzi\u0105\u0107 wolne tylko w pi\u0105tek, 2 maja!To idealny moment na szybki wypad w g\u00f3ry, nad jezioro albo za granic\u0119. \ud83c\udf04\ud83c\udf0a\u2708\ufe0fW naszej ofercie znajdziesz auta osobowe i busy 8- i 9-osobowe \u2013 dost\u0119pne w ca\u0142ej Polsce. \ud83d\ude90\ud83d\udd14 Rezerwuj wcze\u015bniej \u2013 w maj\u00f3wk\u0119 dost\u0119pno\u015b\u0107 znika b\u0142yskawicznie!\" \/>\n<meta property=\"og:url\" content=\"https:\/\/beep.rent\/baza-wiedzy\/wynajem-samochodu-na-majowke-2025\/\" \/>\n<meta property=\"og:site_name\" content=\"BEEP.rent\" \/>\n<meta property=\"article:published_time\" content=\"2025-03-24T20:43:39+00:00\" \/>\n<meta property=\"article:modified_time\" content=\"2025-03-24T20:43:40+00:00\" \/>\n<meta property=\"og:image\" content=\"https:\/\/beep.rent\/baza-wiedzy\/wp-content\/uploads\/2025\/03\/majowka-2025.png\" \/>\n\t<meta property=\"og:image:width\" content=\"520\" \/>\n\t<meta property=\"og:image:height\" content=\"720\" \/>\n\t<meta property=\"og:image:type\" content=\"image\/png\" \/>\n<meta name=\"author\" content=\"BEEP\" \/>\n<meta name=\"twitter:card\" content=\"summary_large_image\" \/>\n<meta name=\"twitter:label1\" content=\"Napisane przez\" \/>\n\t<meta name=\"twitter:data1\" content=\"BEEP\" \/>\n\t<meta name=\"twitter:label2\" content=\"Szacowany czas czytania\" \/>\n\t<meta name=\"twitter:data2\" content=\"3 minuty\" \/>\n<script type=\"application\/ld+json\" class=\"yoast-schema-graph\">{\"@context\":\"https:\/\/schema.org\",\"@graph\":[{\"@type\":\"WebPage\",\"@id\":\"https:\/\/beep.rent\/baza-wiedzy\/wynajem-samochodu-na-majowke-2025\/\",\"url\":\"https:\/\/beep.rent\/baza-wiedzy\/wynajem-samochodu-na-majowke-2025\/\",\"name\":\"Maj\u00f3wka 2025 \u2013 to ju\u017c czas na wynajem auta! - BEEP.rent\",\"isPartOf\":{\"@id\":\"https:\/\/beep.rent\/baza-wiedzy\/#website\"},\"primaryImageOfPage\":{\"@id\":\"https:\/\/beep.rent\/baza-wiedzy\/wynajem-samochodu-na-majowke-2025\/#primaryimage\"},\"image\":{\"@id\":\"https:\/\/beep.rent\/baza-wiedzy\/wynajem-samochodu-na-majowke-2025\/#primaryimage\"},\"thumbnailUrl\":\"https:\/\/beep.rent\/baza-wiedzy\/wp-content\/uploads\/2025\/03\/majowka-2025.png\",\"datePublished\":\"2025-03-24T20:43:39+00:00\",\"dateModified\":\"2025-03-24T20:43:40+00:00\",\"author\":{\"@id\":\"https:\/\/beep.rent\/baza-wiedzy\/#\/schema\/person\/5db2e9c7e814c8450566b7fc8b6e124c\"},\"description\":\"Kiedy wypada maj\u00f3wka 2025 i gdzie warto pojecha\u0107? Zarezerwuj auto ju\u017c dzi\u015b! Sprawd\u017a pomys\u0142y na wyjazd w Polsce i za granic\u0105. Samochody dla 7 os\u00f3b i busy 9-osobowe dost\u0119pne w ca\u0142ym kraju.\",\"breadcrumb\":{\"@id\":\"https:\/\/beep.rent\/baza-wiedzy\/wynajem-samochodu-na-majowke-2025\/#breadcrumb\"},\"inLanguage\":\"pl-PL\",\"potentialAction\":[{\"@type\":\"ReadAction\",\"target\":[\"https:\/\/beep.rent\/baza-wiedzy\/wynajem-samochodu-na-majowke-2025\/\"]}]},{\"@type\":\"ImageObject\",\"inLanguage\":\"pl-PL\",\"@id\":\"https:\/\/beep.rent\/baza-wiedzy\/wynajem-samochodu-na-majowke-2025\/#primaryimage\",\"url\":\"https:\/\/beep.rent\/baza-wiedzy\/wp-content\/uploads\/2025\/03\/majowka-2025.png\",\"contentUrl\":\"https:\/\/beep.rent\/baza-wiedzy\/wp-content\/uploads\/2025\/03\/majowka-2025.png\",\"width\":520,\"height\":720,\"caption\":\"wynajem samochodu na maj\u00f3wk\u0119\"},{\"@type\":\"BreadcrumbList\",\"@id\":\"https:\/\/beep.rent\/baza-wiedzy\/wynajem-samochodu-na-majowke-2025\/#breadcrumb\",\"itemListElement\":[{\"@type\":\"ListItem\",\"position\":1,\"name\":\"Strona g\u0142\u00f3wna\",\"item\":\"https:\/\/beep.rent\/baza-wiedzy\/\"},{\"@type\":\"ListItem\",\"position\":2,\"name\":\"Maj\u00f3wka 2025 \u2013 to ju\u017c czas na wynajem auta!\"}]},{\"@type\":\"WebSite\",\"@id\":\"https:\/\/beep.rent\/baza-wiedzy\/#website\",\"url\":\"https:\/\/beep.rent\/baza-wiedzy\/\",\"name\":\"BEEP.rent\",\"description\":\"BEEP.rent\",\"potentialAction\":[{\"@type\":\"SearchAction\",\"target\":{\"@type\":\"EntryPoint\",\"urlTemplate\":\"https:\/\/beep.rent\/baza-wiedzy\/?s={search_term_string}\"},\"query-input\":{\"@type\":\"PropertyValueSpecification\",\"valueRequired\":true,\"valueName\":\"search_term_string\"}}],\"inLanguage\":\"pl-PL\"},{\"@type\":\"Person\",\"@id\":\"https:\/\/beep.rent\/baza-wiedzy\/#\/schema\/person\/5db2e9c7e814c8450566b7fc8b6e124c\",\"name\":\"BEEP\",\"image\":{\"@type\":\"ImageObject\",\"inLanguage\":\"pl-PL\",\"@id\":\"https:\/\/beep.rent\/baza-wiedzy\/#\/schema\/person\/image\/\",\"url\":\"https:\/\/beep.rent\/baza-wiedzy\/wp-content\/uploads\/2025\/01\/cropped-Zrzut-ekranu-z-2025-01-28-11-11-55-96x96.png\",\"contentUrl\":\"https:\/\/beep.rent\/baza-wiedzy\/wp-content\/uploads\/2025\/01\/cropped-Zrzut-ekranu-z-2025-01-28-11-11-55-96x96.png\",\"caption\":\"BEEP\"},\"url\":\"https:\/\/beep.rent\/baza-wiedzy\/autor\/devbeep-rent\/\"}]}<\/script>\n<!-- \/ Yoast SEO plugin. -->","yoast_head_json":{"title":"Maj\u00f3wka 2025 \u2013 to ju\u017c czas na wynajem auta! - BEEP.rent","description":"Kiedy wypada maj\u00f3wka 2025 i gdzie warto pojecha\u0107? Zarezerwuj auto ju\u017c dzi\u015b! Sprawd\u017a pomys\u0142y na wyjazd w Polsce i za granic\u0105. Samochody dla 7 os\u00f3b i busy 9-osobowe dost\u0119pne w ca\u0142ym kraju.","robots":{"index":"index","follow":"follow","max-snippet":"max-snippet:-1","max-image-preview":"max-image-preview:large","max-video-preview":"max-video-preview:-1"},"canonical":"https:\/\/beep.rent\/baza-wiedzy\/wynajem-samochodu-na-majowke-2025\/","og_locale":"pl_PL","og_type":"article","og_title":"Maj\u00f3wka 2025 tu\u017c-tu\u017c! Sprawd\u017a, gdzie jecha\u0107 i zarezerwuj auto, zanim znikn\u0105 najlepsze oferty \ud83d\ude97\ud83c\udf38","og_description":"\ud83d\udcc5 Kiedy wypada maj\u00f3wka 2025?\ud83d\udc49 Od 1 do 4 maja \u2013 wystarczy wzi\u0105\u0107 wolne tylko w pi\u0105tek, 2 maja!To idealny moment na szybki wypad w g\u00f3ry, nad jezioro albo za granic\u0119. \ud83c\udf04\ud83c\udf0a\u2708\ufe0fW naszej ofercie znajdziesz auta osobowe i busy 8- i 9-osobowe \u2013 dost\u0119pne w ca\u0142ej Polsce. \ud83d\ude90\ud83d\udd14 Rezerwuj wcze\u015bniej \u2013 w maj\u00f3wk\u0119 dost\u0119pno\u015b\u0107 znika b\u0142yskawicznie!","og_url":"https:\/\/beep.rent\/baza-wiedzy\/wynajem-samochodu-na-majowke-2025\/","og_site_name":"BEEP.rent","article_published_time":"2025-03-24T20:43:39+00:00","article_modified_time":"2025-03-24T20:43:40+00:00","og_image":[{"width":520,"height":720,"url":"https:\/\/beep.rent\/baza-wiedzy\/wp-content\/uploads\/2025\/03\/majowka-2025.png","type":"image\/png"}],"author":"BEEP","twitter_card":"summary_large_image","twitter_misc":{"Napisane przez":"BEEP","Szacowany czas czytania":"3 minuty"},"schema":{"@context":"https:\/\/schema.org","@graph":[{"@type":"WebPage","@id":"https:\/\/beep.rent\/baza-wiedzy\/wynajem-samochodu-na-majowke-2025\/","url":"https:\/\/beep.rent\/baza-wiedzy\/wynajem-samochodu-na-majowke-2025\/","name":"Maj\u00f3wka 2025 \u2013 to ju\u017c czas na wynajem auta! - BEEP.rent","isPartOf":{"@id":"https:\/\/beep.rent\/baza-wiedzy\/#website"},"primaryImageOfPage":{"@id":"https:\/\/beep.rent\/baza-wiedzy\/wynajem-samochodu-na-majowke-2025\/#primaryimage"},"image":{"@id":"https:\/\/beep.rent\/baza-wiedzy\/wynajem-samochodu-na-majowke-2025\/#primaryimage"},"thumbnailUrl":"https:\/\/beep.rent\/baza-wiedzy\/wp-content\/uploads\/2025\/03\/majowka-2025.png","datePublished":"2025-03-24T20:43:39+00:00","dateModified":"2025-03-24T20:43:40+00:00","author":{"@id":"https:\/\/beep.rent\/baza-wiedzy\/#\/schema\/person\/5db2e9c7e814c8450566b7fc8b6e124c"},"description":"Kiedy wypada maj\u00f3wka 2025 i gdzie warto pojecha\u0107? Zarezerwuj auto ju\u017c dzi\u015b! Sprawd\u017a pomys\u0142y na wyjazd w Polsce i za granic\u0105. Samochody dla 7 os\u00f3b i busy 9-osobowe dost\u0119pne w ca\u0142ym kraju.","breadcrumb":{"@id":"https:\/\/beep.rent\/baza-wiedzy\/wynajem-samochodu-na-majowke-2025\/#breadcrumb"},"inLanguage":"pl-PL","potentialAction":[{"@type":"ReadAction","target":["https:\/\/beep.rent\/baza-wiedzy\/wynajem-samochodu-na-majowke-2025\/"]}]},{"@type":"ImageObject","inLanguage":"pl-PL","@id":"https:\/\/beep.rent\/baza-wiedzy\/wynajem-samochodu-na-majowke-2025\/#primaryimage","url":"https:\/\/beep.rent\/baza-wiedzy\/wp-content\/uploads\/2025\/03\/majowka-2025.png","contentUrl":"https:\/\/beep.rent\/baza-wiedzy\/wp-content\/uploads\/2025\/03\/majowka-2025.png","width":520,"height":720,"caption":"wynajem samochodu na maj\u00f3wk\u0119"},{"@type":"BreadcrumbList","@id":"https:\/\/beep.rent\/baza-wiedzy\/wynajem-samochodu-na-majowke-2025\/#breadcrumb","itemListElement":[{"@type":"ListItem","position":1,"name":"Strona g\u0142\u00f3wna","item":"https:\/\/beep.rent\/baza-wiedzy\/"},{"@type":"ListItem","position":2,"name":"Maj\u00f3wka 2025 \u2013 to ju\u017c czas na wynajem auta!"}]},{"@type":"WebSite","@id":"https:\/\/beep.rent\/baza-wiedzy\/#website","url":"https:\/\/beep.rent\/baza-wiedzy\/","name":"BEEP.rent","description":"BEEP.rent","potentialAction":[{"@type":"SearchAction","target":{"@type":"EntryPoint","urlTemplate":"https:\/\/beep.rent\/baza-wiedzy\/?s={search_term_string}"},"query-input":{"@type":"PropertyValueSpecification","valueRequired":true,"valueName":"search_term_string"}}],"inLanguage":"pl-PL"},{"@type":"Person","@id":"https:\/\/beep.rent\/baza-wiedzy\/#\/schema\/person\/5db2e9c7e814c8450566b7fc8b6e124c","name":"BEEP","image":{"@type":"ImageObject","inLanguage":"pl-PL","@id":"https:\/\/beep.rent\/baza-wiedzy\/#\/schema\/person\/image\/","url":"https:\/\/beep.rent\/baza-wiedzy\/wp-content\/uploads\/2025\/01\/cropped-Zrzut-ekranu-z-2025-01-28-11-11-55-96x96.png","contentUrl":"https:\/\/beep.rent\/baza-wiedzy\/wp-content\/uploads\/2025\/01\/cropped-Zrzut-ekranu-z-2025-01-28-11-11-55-96x96.png","caption":"BEEP"},"url":"https:\/\/beep.rent\/baza-wiedzy\/autor\/devbeep-rent\/"}]}},"_links":{"self":[{"href":"https:\/\/beep.rent\/baza-wiedzy\/wp-json\/wp\/v2\/posts\/1637","targetHints":{"allow":["GET"]}}],"collection":[{"href":"https:\/\/beep.rent\/baza-wiedzy\/wp-json\/wp\/v2\/posts"}],"about":[{"href":"https:\/\/beep.rent\/baza-wiedzy\/wp-json\/wp\/v2\/types\/post"}],"author":[{"embeddable":true,"href":"https:\/\/beep.rent\/baza-wiedzy\/wp-json\/wp\/v2\/users\/8"}],"replies":[{"embeddable":true,"href":"https:\/\/beep.rent\/baza-wiedzy\/wp-json\/wp\/v2\/comments?post=1637"}],"version-history":[{"count":12,"href":"https:\/\/beep.rent\/baza-wiedzy\/wp-json\/wp\/v2\/posts\/1637\/revisions"}],"predecessor-version":[{"id":1650,"href":"https:\/\/beep.rent\/baza-wiedzy\/wp-json\/wp\/v2\/posts\/1637\/revisions\/1650"}],"wp:featuredmedia":[{"embeddable":true,"href":"https:\/\/beep.rent\/baza-wiedzy\/wp-json\/wp\/v2\/media\/1638"}],"wp:attachment":[{"href":"https:\/\/beep.rent\/baza-wiedzy\/wp-json\/wp\/v2\/media?parent=1637"}],"wp:term":[{"taxonomy":"category","embeddable":true,"href":"https:\/\/beep.rent\/baza-wiedzy\/wp-json\/wp\/v2\/categories?post=1637"},{"taxonomy":"post_tag","embeddable":true,"href":"https:\/\/beep.rent\/baza-wiedzy\/wp-json\/wp\/v2\/tags?post=1637"}],"curies":[{"name":"wp","href":"https:\/\/api.w.org\/{rel}","templated":true}]}}