{"id":1672,"date":"2025-09-03T14:30:08","date_gmt":"2025-09-03T12:30:08","guid":{"rendered":"https:\/\/beep.rent\/baza-wiedzy\/?p=1672"},"modified":"2025-09-03T14:30:08","modified_gmt":"2025-09-03T12:30:08","slug":"mandat-z-fotoradaru-w-wynajetym-aucie","status":"publish","type":"post","link":"https:\/\/beep.rent\/baza-wiedzy\/mandat-z-fotoradaru-w-wynajetym-aucie\/","title":{"rendered":"Mandat z fotoradaru w wynaj\u0119tym aucie &#8211; kto p\u0142aci i co z punktami karnymi?"},"content":{"rendered":"\n<p>Wynaj\u0119cie samochodu nie zwalnia z odpowiedzialno\u015bci za przestrzeganie przepis\u00f3w ruchu drogowego. Procedura obs\u0142ugi mandat\u00f3w z fotoradar\u00f3w w przypadku pojazd\u00f3w wypo\u017cyczonych r\u00f3\u017cni si\u0119 jednak od standardowego procesu. W artykule wyja\u015bniamy, jak przebiega ca\u0142y proces, kto ponosi jakie koszty i na co nale\u017cy uwa\u017ca\u0107.<\/p>\n\n\n\n<h2 class=\"wp-block-heading\"><strong>Kluczowe zasady, koszty i punkty karne<\/strong><\/h2>\n\n\n\n<p><strong>Odpowiedzialno\u015b\u0107 finansowa zawsze spoczywa na kierowcy<\/strong>, nie na wypo\u017cyczalni &#8211; nawet je\u015bli to ona otrzymuje pierwsze zawiadomienie. Punkty karne s\u0105 r\u00f3wnie\u017c przypisywane kierowcy, a nie w\u0142a\u015bcicielowi pojazdu. Wypo\u017cyczalnia pe\u0142ni jedynie rol\u0119 po\u015brednika, za co pobiera op\u0142at\u0119 administracyjn\u0105.<\/p>\n\n\n\n<p><strong>Termin na reakcj\u0119 wynosi 7 dni<\/strong> od otrzymania wezwania do wskazania kieruj\u0105cego. Ignorowanie tej procedury mo\u017ce prowadzi\u0107 do powa\u017cnych konsekwencji finansowych i prawnych.<\/p>\n\n\n\n<h2 class=\"wp-block-heading\"><strong>Procedura krok po kroku<\/strong><\/h2>\n\n\n\n<h3 class=\"wp-block-heading\"><strong>1. Wykrycie wykroczenia<\/strong><\/h3>\n\n\n\n<p>Fotoradar rejestruje przekroczenie pr\u0119dko\u015bci, wykonuj\u0105c zdj\u0119cie pojazdu z czyteln\u0105 tablic\u0105 rejestracyjn\u0105.<\/p>\n\n\n\n<p><strong>2. Zawiadomienie w\u0142a\u015bciciela<\/strong><\/p>\n\n\n\n<p>Pierwsze zawiadomienie trafia automatycznie do w\u0142a\u015bciciela pojazdu zarejestrowanego w CEPiK &#8211; czyli wypo\u017cyczalni. Ma ona obowi\u0105zek wskazania faktycznego kierowcy.<\/p>\n\n\n\n<h3 class=\"wp-block-heading\"><strong>3. Identyfikacja najemcy<\/strong><\/h3>\n\n\n\n<p>Wypo\u017cyczalnia sprawdza w swoich systemach, kto korzysta\u0142 z pojazdu w czasie wykroczenia. Na podstawie danych z umowy przekazuje informacje o kierowcy organom \u015bcigania.<\/p>\n\n\n\n<h3 class=\"wp-block-heading\"><strong>4. Op\u0142ata za obs\u0142ug\u0119<\/strong><\/h3>\n\n\n\n<p>Wypo\u017cyczalnia pobiera op\u0142at\u0119 administracyjn\u0105 za ca\u0142\u0105 procedur\u0119. Kwota jest \u015bci\u0105gana z karty kredytowej lub z wp\u0142aconej kaucji zgodnie z warunkami umowy. Ka\u017cda wypo\u017cyczalnia posiada inny regulamin i regulacj\u0119 \u015bci\u0105gania oraz wysoko\u015bci kwoty.<\/p>\n\n\n\n<h3 class=\"wp-block-heading\"><strong>5. Wezwanie kierowcy<\/strong><\/h3>\n\n\n\n<p>Otrzymujesz oficjalne wezwanie do wskazania kieruj\u0105cego. Masz 7 dni na:<\/p>\n\n\n\n<ul class=\"wp-block-list\">\n<li>Przyznanie si\u0119 do wykroczenia i przyj\u0119cie mandatu<\/li>\n\n\n\n<li>Wskazanie innej osoby jako kierowcy (je\u015bli faktycznie ni\u0105 nie by\u0142e\u015b)<\/li>\n\n\n\n<li>Odmow\u0119 przyj\u0119cia mandatu (sprawa trafia do s\u0105du)<\/li>\n<\/ul>\n\n\n\n<h2 class=\"wp-block-heading\"><strong>Koszty i op\u0142aty<\/strong><\/h2>\n\n\n\n<h3 class=\"wp-block-heading\"><strong>Op\u0142ata administracyjna wypo\u017cyczalni<\/strong><\/h3>\n\n\n\n<p>Wypo\u017cyczalnia pobiera op\u0142at\u0119 za:<\/p>\n\n\n\n<ul class=\"wp-block-list\">\n<li>Korespondencj\u0119 z organami \u015bcigania<\/li>\n\n\n\n<li>Identyfikacj\u0119 kierowcy w systemach<\/li>\n\n\n\n<li>Przekazanie danych osobowych<\/li>\n\n\n\n<li>Dokumentacj\u0119 ca\u0142ego procesu<\/li>\n<\/ul>\n\n\n\n<p><strong>Wa\u017cne:<\/strong> Sprawd\u017a cennik danej wypo\u017cyczalni &#8211; op\u0142aty mog\u0105 si\u0119 r\u00f3\u017cni\u0107 mi\u0119dzy firmami.<\/p>\n\n\n\n<h3 class=\"wp-block-heading\"><strong>Konsekwencje braku reakcji<\/strong><\/h3>\n\n\n\n<p>Ignorowanie mandatu prowadzi do:<\/p>\n\n\n\n<ul class=\"wp-block-list\">\n<li>Naliczania odsetek za zw\u0142ok\u0119<\/li>\n\n\n\n<li>Skierowania sprawy do egzekucji komorniczej<\/li>\n\n\n\n<li>Dodatkowych koszt\u00f3w prawnych<\/li>\n\n\n\n<li>Problem\u00f3w przy kolejnych podr\u00f3\u017cach zagranicznych (w przypadku mandat\u00f3w z innych kraj\u00f3w)<\/li>\n<\/ul>\n\n\n\n<h2 class=\"wp-block-heading\"><strong>Mandaty zagraniczne<\/strong><\/h2>\n\n\n\n<p>Procedura z mandatami z zagranicy ma swoje specyficzne cechy:<\/p>\n\n\n\n<ul class=\"wp-block-list\">\n<li><strong>D\u0142u\u017csze terminy<\/strong> &#8211; zwykle 14-30 dni na odpowied\u017a<\/li>\n\n\n\n<li><strong>Wy\u017csze koszty<\/strong> &#8211; dodatkowe op\u0142aty za obs\u0142ug\u0119 mi\u0119dzynarodow\u0105 i t\u0142umaczenia<\/li>\n\n\n\n<li><strong>R\u00f3\u017cne systemy prawne<\/strong> &#8211; ka\u017cdy kraj ma w\u0142asne regulacje<\/li>\n<\/ul>\n\n\n\n<h2 class=\"wp-block-heading\"><strong>Praktyczne wskaz\u00f3wki<\/strong><\/h2>\n\n\n\n<p><strong>Przed wynajmem:<\/strong><\/p>\n\n\n\n<ul class=\"wp-block-list\">\n<li>Dok\u0142adnie przeczytaj warunki umowy, wraz z punktem dotycz\u0105cym obs\u0142ugi mandat\u00f3w<\/li>\n\n\n\n<li>Sprawd\u017a wysoko\u015b\u0107 op\u0142at administracyjnych w cenniku<\/li>\n<\/ul>\n\n\n\n<p><strong>Po otrzymaniu mandatu:<\/strong><\/p>\n\n\n\n<ul class=\"wp-block-list\">\n<li>Reaguj szybko &#8211; nie zwlekaj z odpowiedzi\u0105 na wezwanie<\/li>\n\n\n\n<li>Sprawd\u017a szczeg\u00f3\u0142y wykroczenia &#8211; w przypadku b\u0142\u0119d\u00f3w mo\u017cesz si\u0119 odwo\u0142a\u0107<\/li>\n\n\n\n<li>Zachowaj dokumentacj\u0119 ca\u0142ego procesu<\/li>\n<\/ul>\n\n\n\n<h2 class=\"wp-block-heading\"><strong>Podsumowanie<\/strong><\/h2>\n\n\n\n<p>Wynajmuj\u0105c samoch\u00f3d, pami\u0119taj, \u017ce wypo\u017cyczalnia to tylko po\u015brednik w procesie obs\u0142ugi mandat\u00f3w. Faktyczna odpowiedzialno\u015b\u0107 finansowa i karna spoczywa na kierowcy. Kluczem do unikni\u0119cia problem\u00f3w jest ostro\u017cna jazda i szybka reakcja w przypadku otrzymania wezwania do wskazania kieruj\u0105cego.<\/p>\n","protected":false},"excerpt":{"rendered":"<p>Wynaj\u0119cie samochodu nie zwalnia z odpowiedzialno\u015bci za przestrzeganie przepis\u00f3w ruchu drogowego. Procedura obs\u0142ugi mandat\u00f3w z fotoradar\u00f3w w przypadku pojazd\u00f3w wypo\u017cyczonych r\u00f3\u017cni si\u0119 jednak &#8230;<\/p>\n","protected":false},"author":10,"featured_media":1674,"comment_status":"closed","ping_status":"closed","sticky":false,"template":"","format":"standard","meta":{"footnotes":""},"categories":[1],"tags":[],"class_list":["post-1672","post","type-post","status-publish","format-standard","has-post-thumbnail","hentry","category-wypozyczalnia"],"acf":[],"yoast_head":"<!-- This site is optimized with the Yoast SEO plugin v24.7 - https:\/\/yoast.com\/wordpress\/plugins\/seo\/ -->\n<title>Mandat z fotoradaru w wynaj\u0119tym aucie - kto p\u0142aci i co z punktami karnymi? - BEEP.rent<\/title>\n<meta name=\"robots\" content=\"index, follow, max-snippet:-1, max-image-preview:large, max-video-preview:-1\" \/>\n<link rel=\"canonical\" href=\"https:\/\/beep.rent\/baza-wiedzy\/mandat-z-fotoradaru-w-wynajetym-aucie\/\" \/>\n<meta property=\"og:locale\" content=\"pl_PL\" \/>\n<meta property=\"og:type\" content=\"article\" \/>\n<meta property=\"og:title\" content=\"Mandat z fotoradaru w wynaj\u0119tym aucie - kto p\u0142aci i co z punktami karnymi? - BEEP.rent\" \/>\n<meta property=\"og:description\" content=\"Wynaj\u0119cie samochodu nie zwalnia z odpowiedzialno\u015bci za przestrzeganie przepis\u00f3w ruchu drogowego. Procedura obs\u0142ugi mandat\u00f3w z fotoradar\u00f3w w przypadku pojazd\u00f3w wypo\u017cyczonych r\u00f3\u017cni si\u0119 jednak ...\" \/>\n<meta property=\"og:url\" content=\"https:\/\/beep.rent\/baza-wiedzy\/mandat-z-fotoradaru-w-wynajetym-aucie\/\" \/>\n<meta property=\"og:site_name\" content=\"BEEP.rent\" \/>\n<meta property=\"article:published_time\" content=\"2025-09-03T12:30:08+00:00\" \/>\n<meta property=\"og:image\" content=\"https:\/\/beep.rent\/baza-wiedzy\/wp-content\/uploads\/2025\/09\/Mandat-z-fotoradaru-w-wynaje\u0328tym-aucie.webp\" \/>\n\t<meta property=\"og:image:width\" content=\"1700\" \/>\n\t<meta property=\"og:image:height\" content=\"1134\" \/>\n\t<meta property=\"og:image:type\" content=\"image\/webp\" \/>\n<meta name=\"author\" content=\"Beep.rent\" \/>\n<meta name=\"twitter:card\" content=\"summary_large_image\" \/>\n<meta name=\"twitter:label1\" content=\"Napisane przez\" \/>\n\t<meta name=\"twitter:data1\" content=\"Beep.rent\" \/>\n\t<meta name=\"twitter:label2\" content=\"Szacowany czas czytania\" \/>\n\t<meta name=\"twitter:data2\" content=\"3 minuty\" \/>\n<script type=\"application\/ld+json\" class=\"yoast-schema-graph\">{\"@context\":\"https:\/\/schema.org\",\"@graph\":[{\"@type\":\"WebPage\",\"@id\":\"https:\/\/beep.rent\/baza-wiedzy\/mandat-z-fotoradaru-w-wynajetym-aucie\/\",\"url\":\"https:\/\/beep.rent\/baza-wiedzy\/mandat-z-fotoradaru-w-wynajetym-aucie\/\",\"name\":\"Mandat z fotoradaru w wynaj\u0119tym aucie - kto p\u0142aci i co z punktami karnymi? - BEEP.rent\",\"isPartOf\":{\"@id\":\"https:\/\/beep.rent\/baza-wiedzy\/#website\"},\"primaryImageOfPage\":{\"@id\":\"https:\/\/beep.rent\/baza-wiedzy\/mandat-z-fotoradaru-w-wynajetym-aucie\/#primaryimage\"},\"image\":{\"@id\":\"https:\/\/beep.rent\/baza-wiedzy\/mandat-z-fotoradaru-w-wynajetym-aucie\/#primaryimage\"},\"thumbnailUrl\":\"https:\/\/beep.rent\/baza-wiedzy\/wp-content\/uploads\/2025\/09\/Mandat-z-fotoradaru-w-wynaje\u0328tym-aucie.webp\",\"datePublished\":\"2025-09-03T12:30:08+00:00\",\"author\":{\"@id\":\"https:\/\/beep.rent\/baza-wiedzy\/#\/schema\/person\/ec6aa116bdb05b3d2e7d847b464fea90\"},\"breadcrumb\":{\"@id\":\"https:\/\/beep.rent\/baza-wiedzy\/mandat-z-fotoradaru-w-wynajetym-aucie\/#breadcrumb\"},\"inLanguage\":\"pl-PL\",\"potentialAction\":[{\"@type\":\"ReadAction\",\"target\":[\"https:\/\/beep.rent\/baza-wiedzy\/mandat-z-fotoradaru-w-wynajetym-aucie\/\"]}]},{\"@type\":\"ImageObject\",\"inLanguage\":\"pl-PL\",\"@id\":\"https:\/\/beep.rent\/baza-wiedzy\/mandat-z-fotoradaru-w-wynajetym-aucie\/#primaryimage\",\"url\":\"https:\/\/beep.rent\/baza-wiedzy\/wp-content\/uploads\/2025\/09\/Mandat-z-fotoradaru-w-wynaje\u0328tym-aucie.webp\",\"contentUrl\":\"https:\/\/beep.rent\/baza-wiedzy\/wp-content\/uploads\/2025\/09\/Mandat-z-fotoradaru-w-wynaje\u0328tym-aucie.webp\",\"width\":1700,\"height\":1134},{\"@type\":\"BreadcrumbList\",\"@id\":\"https:\/\/beep.rent\/baza-wiedzy\/mandat-z-fotoradaru-w-wynajetym-aucie\/#breadcrumb\",\"itemListElement\":[{\"@type\":\"ListItem\",\"position\":1,\"name\":\"Strona g\u0142\u00f3wna\",\"item\":\"https:\/\/beep.rent\/baza-wiedzy\/\"},{\"@type\":\"ListItem\",\"position\":2,\"name\":\"Mandat z fotoradaru w wynaj\u0119tym aucie &#8211; kto p\u0142aci i co z punktami karnymi?\"}]},{\"@type\":\"WebSite\",\"@id\":\"https:\/\/beep.rent\/baza-wiedzy\/#website\",\"url\":\"https:\/\/beep.rent\/baza-wiedzy\/\",\"name\":\"BEEP.rent\",\"description\":\"BEEP.rent\",\"potentialAction\":[{\"@type\":\"SearchAction\",\"target\":{\"@type\":\"EntryPoint\",\"urlTemplate\":\"https:\/\/beep.rent\/baza-wiedzy\/?s={search_term_string}\"},\"query-input\":{\"@type\":\"PropertyValueSpecification\",\"valueRequired\":true,\"valueName\":\"search_term_string\"}}],\"inLanguage\":\"pl-PL\"},{\"@type\":\"Person\",\"@id\":\"https:\/\/beep.rent\/baza-wiedzy\/#\/schema\/person\/ec6aa116bdb05b3d2e7d847b464fea90\",\"name\":\"Beep.rent\",\"image\":{\"@type\":\"ImageObject\",\"inLanguage\":\"pl-PL\",\"@id\":\"https:\/\/beep.rent\/baza-wiedzy\/#\/schema\/person\/image\/\",\"url\":\"https:\/\/beep.rent\/baza-wiedzy\/wp-content\/uploads\/2025\/01\/cropped-cropped-Zrzut-ekranu-z-2025-01-28-11-11-55-96x96.png\",\"contentUrl\":\"https:\/\/beep.rent\/baza-wiedzy\/wp-content\/uploads\/2025\/01\/cropped-cropped-Zrzut-ekranu-z-2025-01-28-11-11-55-96x96.png\",\"caption\":\"Beep.rent\"},\"url\":\"https:\/\/beep.rent\/baza-wiedzy\/autor\/ernest\/\"}]}<\/script>\n<!-- \/ Yoast SEO plugin. -->","yoast_head_json":{"title":"Mandat z fotoradaru w wynaj\u0119tym aucie - kto p\u0142aci i co z punktami karnymi? - BEEP.rent","robots":{"index":"index","follow":"follow","max-snippet":"max-snippet:-1","max-image-preview":"max-image-preview:large","max-video-preview":"max-video-preview:-1"},"canonical":"https:\/\/beep.rent\/baza-wiedzy\/mandat-z-fotoradaru-w-wynajetym-aucie\/","og_locale":"pl_PL","og_type":"article","og_title":"Mandat z fotoradaru w wynaj\u0119tym aucie - kto p\u0142aci i co z punktami karnymi? - BEEP.rent","og_description":"Wynaj\u0119cie samochodu nie zwalnia z odpowiedzialno\u015bci za przestrzeganie przepis\u00f3w ruchu drogowego. Procedura obs\u0142ugi mandat\u00f3w z fotoradar\u00f3w w przypadku pojazd\u00f3w wypo\u017cyczonych r\u00f3\u017cni si\u0119 jednak ...","og_url":"https:\/\/beep.rent\/baza-wiedzy\/mandat-z-fotoradaru-w-wynajetym-aucie\/","og_site_name":"BEEP.rent","article_published_time":"2025-09-03T12:30:08+00:00","og_image":[{"width":1700,"height":1134,"url":"https:\/\/beep.rent\/baza-wiedzy\/wp-content\/uploads\/2025\/09\/Mandat-z-fotoradaru-w-wynaje\u0328tym-aucie.webp","type":"image\/webp"}],"author":"Beep.rent","twitter_card":"summary_large_image","twitter_misc":{"Napisane przez":"Beep.rent","Szacowany czas czytania":"3 minuty"},"schema":{"@context":"https:\/\/schema.org","@graph":[{"@type":"WebPage","@id":"https:\/\/beep.rent\/baza-wiedzy\/mandat-z-fotoradaru-w-wynajetym-aucie\/","url":"https:\/\/beep.rent\/baza-wiedzy\/mandat-z-fotoradaru-w-wynajetym-aucie\/","name":"Mandat z fotoradaru w wynaj\u0119tym aucie - kto p\u0142aci i co z punktami karnymi? - BEEP.rent","isPartOf":{"@id":"https:\/\/beep.rent\/baza-wiedzy\/#website"},"primaryImageOfPage":{"@id":"https:\/\/beep.rent\/baza-wiedzy\/mandat-z-fotoradaru-w-wynajetym-aucie\/#primaryimage"},"image":{"@id":"https:\/\/beep.rent\/baza-wiedzy\/mandat-z-fotoradaru-w-wynajetym-aucie\/#primaryimage"},"thumbnailUrl":"https:\/\/beep.rent\/baza-wiedzy\/wp-content\/uploads\/2025\/09\/Mandat-z-fotoradaru-w-wynaje\u0328tym-aucie.webp","datePublished":"2025-09-03T12:30:08+00:00","author":{"@id":"https:\/\/beep.rent\/baza-wiedzy\/#\/schema\/person\/ec6aa116bdb05b3d2e7d847b464fea90"},"breadcrumb":{"@id":"https:\/\/beep.rent\/baza-wiedzy\/mandat-z-fotoradaru-w-wynajetym-aucie\/#breadcrumb"},"inLanguage":"pl-PL","potentialAction":[{"@type":"ReadAction","target":["https:\/\/beep.rent\/baza-wiedzy\/mandat-z-fotoradaru-w-wynajetym-aucie\/"]}]},{"@type":"ImageObject","inLanguage":"pl-PL","@id":"https:\/\/beep.rent\/baza-wiedzy\/mandat-z-fotoradaru-w-wynajetym-aucie\/#primaryimage","url":"https:\/\/beep.rent\/baza-wiedzy\/wp-content\/uploads\/2025\/09\/Mandat-z-fotoradaru-w-wynaje\u0328tym-aucie.webp","contentUrl":"https:\/\/beep.rent\/baza-wiedzy\/wp-content\/uploads\/2025\/09\/Mandat-z-fotoradaru-w-wynaje\u0328tym-aucie.webp","width":1700,"height":1134},{"@type":"BreadcrumbList","@id":"https:\/\/beep.rent\/baza-wiedzy\/mandat-z-fotoradaru-w-wynajetym-aucie\/#breadcrumb","itemListElement":[{"@type":"ListItem","position":1,"name":"Strona g\u0142\u00f3wna","item":"https:\/\/beep.rent\/baza-wiedzy\/"},{"@type":"ListItem","position":2,"name":"Mandat z fotoradaru w wynaj\u0119tym aucie &#8211; kto p\u0142aci i co z punktami karnymi?"}]},{"@type":"WebSite","@id":"https:\/\/beep.rent\/baza-wiedzy\/#website","url":"https:\/\/beep.rent\/baza-wiedzy\/","name":"BEEP.rent","description":"BEEP.rent","potentialAction":[{"@type":"SearchAction","target":{"@type":"EntryPoint","urlTemplate":"https:\/\/beep.rent\/baza-wiedzy\/?s={search_term_string}"},"query-input":{"@type":"PropertyValueSpecification","valueRequired":true,"valueName":"search_term_string"}}],"inLanguage":"pl-PL"},{"@type":"Person","@id":"https:\/\/beep.rent\/baza-wiedzy\/#\/schema\/person\/ec6aa116bdb05b3d2e7d847b464fea90","name":"Beep.rent","image":{"@type":"ImageObject","inLanguage":"pl-PL","@id":"https:\/\/beep.rent\/baza-wiedzy\/#\/schema\/person\/image\/","url":"https:\/\/beep.rent\/baza-wiedzy\/wp-content\/uploads\/2025\/01\/cropped-cropped-Zrzut-ekranu-z-2025-01-28-11-11-55-96x96.png","contentUrl":"https:\/\/beep.rent\/baza-wiedzy\/wp-content\/uploads\/2025\/01\/cropped-cropped-Zrzut-ekranu-z-2025-01-28-11-11-55-96x96.png","caption":"Beep.rent"},"url":"https:\/\/beep.rent\/baza-wiedzy\/autor\/ernest\/"}]}},"_links":{"self":[{"href":"https:\/\/beep.rent\/baza-wiedzy\/wp-json\/wp\/v2\/posts\/1672","targetHints":{"allow":["GET"]}}],"collection":[{"href":"https:\/\/beep.rent\/baza-wiedzy\/wp-json\/wp\/v2\/posts"}],"about":[{"href":"https:\/\/beep.rent\/baza-wiedzy\/wp-json\/wp\/v2\/types\/post"}],"author":[{"embeddable":true,"href":"https:\/\/beep.rent\/baza-wiedzy\/wp-json\/wp\/v2\/users\/10"}],"replies":[{"embeddable":true,"href":"https:\/\/beep.rent\/baza-wiedzy\/wp-json\/wp\/v2\/comments?post=1672"}],"version-history":[{"count":1,"href":"https:\/\/beep.rent\/baza-wiedzy\/wp-json\/wp\/v2\/posts\/1672\/revisions"}],"predecessor-version":[{"id":1675,"href":"https:\/\/beep.rent\/baza-wiedzy\/wp-json\/wp\/v2\/posts\/1672\/revisions\/1675"}],"wp:featuredmedia":[{"embeddable":true,"href":"https:\/\/beep.rent\/baza-wiedzy\/wp-json\/wp\/v2\/media\/1674"}],"wp:attachment":[{"href":"https:\/\/beep.rent\/baza-wiedzy\/wp-json\/wp\/v2\/media?parent=1672"}],"wp:term":[{"taxonomy":"category","embeddable":true,"href":"https:\/\/beep.rent\/baza-wiedzy\/wp-json\/wp\/v2\/categories?post=1672"},{"taxonomy":"post_tag","embeddable":true,"href":"https:\/\/beep.rent\/baza-wiedzy\/wp-json\/wp\/v2\/tags?post=1672"}],"curies":[{"name":"wp","href":"https:\/\/api.w.org\/{rel}","templated":true}]}}