{"id":1716,"date":"2026-01-12T13:35:21","date_gmt":"2026-01-12T12:35:21","guid":{"rendered":"https:\/\/beep.rent\/baza-wiedzy\/?p=1716"},"modified":"2026-03-05T14:30:41","modified_gmt":"2026-03-05T13:30:41","slug":"wynajem-busa-czy-dwoch-mniejszych-aut-liczymy-co-bardziej-oplaca-sie-przy-wyjezdzie-grupowym","status":"publish","type":"post","link":"https:\/\/beep.rent\/baza-wiedzy\/wynajem-busa-czy-dwoch-mniejszych-aut-liczymy-co-bardziej-oplaca-sie-przy-wyjezdzie-grupowym\/","title":{"rendered":"Wynajem busa czy dw\u00f3ch mniejszych aut? Liczymy, co bardziej op\u0142aca si\u0119 przy wyje\u017adzie grupowym"},"content":{"rendered":"\n<p><strong>Planowanie wyjazdu w wi\u0119kszej grupie zawsze rodzi ten sam dylemat: jecha\u0107 na dwa samochody osobowe czy zdecydowa\u0107 si\u0119 na wynajem busa? Cho\u0107 dwa mniejsze auta wydaj\u0105 si\u0119 rozwi\u0105zaniem bardziej pod r\u0119k\u0105, ch\u0142odna kalkulacja koszt\u00f3w szybko weryfikuje to przekonanie. <br><br><\/strong>Sprawd\u017amy to na konkretnym przyk\u0142adzie. Wyjazd narciarski na ferie &#8211; trasa Wroc\u0142aw &#8211; Innsbruck &#8211; Wroc\u0142aw, \u0142\u0105cznie ok. 2000 km (wliczaj\u0105c r\u00f3wnie\u017c skromne u\u017cycie auta na miejscu), wyjazd na 7 dni.<\/p>\n\n\n\n<p><strong>Koszt paliwa<\/strong><br>Zacznijmy od najwi\u0119kszego kosztu, czyli paliwa. Przyjmuj\u0105c obecn\u0105 cen\u0119 na poziomie 6,20 z\u0142 za litr, r\u00f3\u017cnice staj\u0105 si\u0119 wyra\u017ane. Nowoczesny bus 9-osobowy (np. Renault Trafic) przy pe\u0142nym obci\u0105\u017ceniu spala \u015brednio 9,5 litra na 100 km, co na ca\u0142ej trasie daje 190 litr\u00f3w paliwa o warto\u015bci 1178 z\u0142. Dwa samochody osobowe typu kombi (np. Skoda Octavia), spalaj\u0105ce po 6,5 litra na 100 km, zu\u017cyj\u0105 \u0142\u0105cznie 260 litr\u00f3w oleju nap\u0119dowego. Koszt? 1612 z\u0142. Ju\u017c na samej stacji benzynowej oszcz\u0119dzamy 434 z\u0142, wybieraj\u0105c jeden wi\u0119kszy pojazd.<\/p>\n\n\n\n<p><strong>Koszt <a href=\"https:\/\/beep.rent\/baza-wiedzy\/koszt-wynajmu-samochodu-co-wplywa-na-cene-i-jak-tanio-wynajac-auto\/\">najmu<\/a><\/strong><br>Kolejny punkt to koszty sta\u0142e wynajmu. Przyjmijmy do oblicze\u0144 rynkowe stawki dobowe: wynajem busa 9-osobowego to wydatek rz\u0119du 350 z\u0142 za dob\u0119 (2450 z\u0142 za tydzie\u0144). Wynajem dw\u00f3ch aut klasy kombi to koszt ok. 180 z\u0142 za dob\u0119 za ka\u017cdy pojazd, co \u0142\u0105cznie daje 360 z\u0142 dziennie (2520 z\u0142 za tydzie\u0144). R\u00f3\u017cnica w samej cenie najmu wynosi 70 z\u0142 na korzy\u015b\u0107 busa, ale to dopiero pocz\u0105tek.<\/p>\n\n\n\n<p><strong>Pozosta\u0142e koszty<\/strong><br>Prawdziwe r\u00f3\u017cnice wida\u0107 przy op\u0142atach dodatkowych. Ka\u017cda wypo\u017cyczalnia dolicza tzw. op\u0142at\u0119 za wyjazd zagraniczny. Zazwyczaj mie\u015bci si\u0119 ona w wide\u0142kach od 200 do 400 z\u0142 za ca\u0142y wynajem. Przyjmuj\u0105c kwot\u0119 po\u015brodku &#8211; 300 z\u0142 &#8211; przy busie p\u0142acisz j\u0105 raz, a przy dw\u00f3ch samochodach dwukrotnie (600 z\u0142). Do tego dochodz\u0105 winiety i parkingi. W krajach takich jak Czechy czy Austria bus do 3,5 tony p\u0142aci tyle samo co osob\u00f3wka. Za jedn\u0105 winiet\u0119 na 10 dni zap\u0142acisz ok. 150 z\u0142, za dwie &#8211; 300 z\u0142. Na miejscu w kurorcie dochodzi koszt parkowania przy wyci\u0105gach. Przyjmuj\u0105c stawk\u0119 5 EUR (ok. 22 z\u0142) za dzie\u0144, co przy 6 dniach jazdy generuje koszt 132 z\u0142 za jeden pojazd, wynajem drugiego auta to kolejne 132 z\u0142 dop\u0142aty do wsp\u00f3lnego bud\u017cetu.<\/p>\n\n\n\n<p><strong>Co wybra\u0107?<\/strong><br>Sumuj\u0105c wszystkie sk\u0142adowe: paliwo, najem, op\u0142aty zagraniczne, winiety oraz parkingi, okazuje si\u0119, \u017ce wyb\u00f3r jednego busa pozwala zachowa\u0107 w portfelu grupy blisko 1100 z\u0142. To kwota, kt\u00f3ra pokrywa koszt paliwa na trasie do Austrii i z powrotem.<\/p>\n\n\n\n<p>Oczywi\u015bcie powy\u017csza kalkulacja ma charakter pogl\u0105dowy, a szczeg\u00f3\u0142owe wyliczenie zale\u017cy od tego, jaki dok\u0142adnie samoch\u00f3d wybierzemy, jaki model ubezpieczenia zadecyduje o cenie najmu oraz jak dynamicznie zmieni\u0105 si\u0119 ceny paliwa w drodze. Warto te\u017c pami\u0119ta\u0107, \u017ce jazda na dwa mniejsze auta ma swoje plusy &#8211; daje grupie wi\u0119ksz\u0105 niezale\u017cno\u015b\u0107 na miejscu, u\u0142atwia manewrowanie w w\u0105skich alejkach g\u00f3rskich miejscowo\u015bci i pozwala rozdzieli\u0107 si\u0119, je\u015bli cz\u0119\u015b\u0107 ekipy chce wr\u00f3ci\u0107 ze stoku wcze\u015bniej ni\u017c pozostali. Jednak pod k\u0105tem czystej ekonomii, bus 9-osobowy pozostaje bezkonkurencyjny.<\/p>\n","protected":false},"excerpt":{"rendered":"<p>Planowanie wyjazdu w wi\u0119kszej grupie zawsze rodzi ten sam dylemat: jecha\u0107 na dwa samochody osobowe czy zdecydowa\u0107 si\u0119 na wynajem busa? Cho\u0107 dwa mniejsze auta wydaj\u0105 si\u0119 rozwi\u0105zaniem bardziej p &#8230;<\/p>\n","protected":false},"author":8,"featured_media":1717,"comment_status":"closed","ping_status":"closed","sticky":false,"template":"","format":"standard","meta":{"footnotes":""},"categories":[57],"tags":[62,63,38,64,13],"class_list":["post-1716","post","type-post","status-publish","format-standard","has-post-thumbnail","hentry","category-porady","tag-bus","tag-ferie","tag-porady-beep","tag-wyjazd-zagraniczny","tag-wynajem-aut"],"acf":[],"yoast_head":"<!-- This site is optimized with the Yoast SEO plugin v24.7 - https:\/\/yoast.com\/wordpress\/plugins\/seo\/ -->\n<title>Wynajem busa czy dw\u00f3ch mniejszych aut? Liczymy, co bardziej op\u0142aca si\u0119 przy wyje\u017adzie grupowym - BEEP.rent<\/title>\n<meta name=\"description\" content=\"Por\u00f3wnajmy ile kosztuje wynajem busa na konkretnym przyk\u0142adzie. Wyjazd narciarski na ferie - trasa Wroc\u0142aw - Innsbruck - Wroc\u0142aw\" \/>\n<meta name=\"robots\" content=\"index, follow, max-snippet:-1, max-image-preview:large, max-video-preview:-1\" \/>\n<link rel=\"canonical\" href=\"https:\/\/beep.rent\/baza-wiedzy\/wynajem-busa-czy-dwoch-mniejszych-aut-liczymy-co-bardziej-oplaca-sie-przy-wyjezdzie-grupowym\/\" \/>\n<meta property=\"og:locale\" content=\"pl_PL\" \/>\n<meta property=\"og:type\" content=\"article\" \/>\n<meta property=\"og:title\" content=\"Wynajem busa czy dw\u00f3ch mniejszych aut? Liczymy, co bardziej op\u0142aca si\u0119 przy wyje\u017adzie grupowym - BEEP.rent\" \/>\n<meta property=\"og:description\" content=\"Por\u00f3wnajmy ile kosztuje wynajem busa na konkretnym przyk\u0142adzie. Wyjazd narciarski na ferie - trasa Wroc\u0142aw - Innsbruck - Wroc\u0142aw\" \/>\n<meta property=\"og:url\" content=\"https:\/\/beep.rent\/baza-wiedzy\/wynajem-busa-czy-dwoch-mniejszych-aut-liczymy-co-bardziej-oplaca-sie-przy-wyjezdzie-grupowym\/\" \/>\n<meta property=\"og:site_name\" content=\"BEEP.rent\" \/>\n<meta property=\"article:published_time\" content=\"2026-01-12T12:35:21+00:00\" \/>\n<meta property=\"article:modified_time\" content=\"2026-03-05T13:30:41+00:00\" \/>\n<meta property=\"og:image\" content=\"https:\/\/beep.rent\/baza-wiedzy\/wp-content\/uploads\/2026\/01\/Gemini_Generated_Image_s1w55is1w55is1w5-scaled.jpg\" \/>\n\t<meta property=\"og:image:width\" content=\"2560\" \/>\n\t<meta property=\"og:image:height\" content=\"1396\" \/>\n\t<meta property=\"og:image:type\" content=\"image\/jpeg\" \/>\n<meta name=\"author\" content=\"BEEP\" \/>\n<meta name=\"twitter:card\" content=\"summary_large_image\" \/>\n<meta name=\"twitter:label1\" content=\"Napisane przez\" \/>\n\t<meta name=\"twitter:data1\" content=\"BEEP\" \/>\n\t<meta name=\"twitter:label2\" content=\"Szacowany czas czytania\" \/>\n\t<meta name=\"twitter:data2\" content=\"3 minuty\" \/>\n<script type=\"application\/ld+json\" class=\"yoast-schema-graph\">{\"@context\":\"https:\/\/schema.org\",\"@graph\":[{\"@type\":\"WebPage\",\"@id\":\"https:\/\/beep.rent\/baza-wiedzy\/wynajem-busa-czy-dwoch-mniejszych-aut-liczymy-co-bardziej-oplaca-sie-przy-wyjezdzie-grupowym\/\",\"url\":\"https:\/\/beep.rent\/baza-wiedzy\/wynajem-busa-czy-dwoch-mniejszych-aut-liczymy-co-bardziej-oplaca-sie-przy-wyjezdzie-grupowym\/\",\"name\":\"Wynajem busa czy dw\u00f3ch mniejszych aut? Liczymy, co bardziej op\u0142aca si\u0119 przy wyje\u017adzie grupowym - BEEP.rent\",\"isPartOf\":{\"@id\":\"https:\/\/beep.rent\/baza-wiedzy\/#website\"},\"primaryImageOfPage\":{\"@id\":\"https:\/\/beep.rent\/baza-wiedzy\/wynajem-busa-czy-dwoch-mniejszych-aut-liczymy-co-bardziej-oplaca-sie-przy-wyjezdzie-grupowym\/#primaryimage\"},\"image\":{\"@id\":\"https:\/\/beep.rent\/baza-wiedzy\/wynajem-busa-czy-dwoch-mniejszych-aut-liczymy-co-bardziej-oplaca-sie-przy-wyjezdzie-grupowym\/#primaryimage\"},\"thumbnailUrl\":\"https:\/\/beep.rent\/baza-wiedzy\/wp-content\/uploads\/2026\/01\/Gemini_Generated_Image_s1w55is1w55is1w5-scaled.jpg\",\"datePublished\":\"2026-01-12T12:35:21+00:00\",\"dateModified\":\"2026-03-05T13:30:41+00:00\",\"author\":{\"@id\":\"https:\/\/beep.rent\/baza-wiedzy\/#\/schema\/person\/5db2e9c7e814c8450566b7fc8b6e124c\"},\"description\":\"Por\u00f3wnajmy ile kosztuje wynajem busa na konkretnym przyk\u0142adzie. Wyjazd narciarski na ferie - trasa Wroc\u0142aw - Innsbruck - Wroc\u0142aw\",\"breadcrumb\":{\"@id\":\"https:\/\/beep.rent\/baza-wiedzy\/wynajem-busa-czy-dwoch-mniejszych-aut-liczymy-co-bardziej-oplaca-sie-przy-wyjezdzie-grupowym\/#breadcrumb\"},\"inLanguage\":\"pl-PL\",\"potentialAction\":[{\"@type\":\"ReadAction\",\"target\":[\"https:\/\/beep.rent\/baza-wiedzy\/wynajem-busa-czy-dwoch-mniejszych-aut-liczymy-co-bardziej-oplaca-sie-przy-wyjezdzie-grupowym\/\"]}]},{\"@type\":\"ImageObject\",\"inLanguage\":\"pl-PL\",\"@id\":\"https:\/\/beep.rent\/baza-wiedzy\/wynajem-busa-czy-dwoch-mniejszych-aut-liczymy-co-bardziej-oplaca-sie-przy-wyjezdzie-grupowym\/#primaryimage\",\"url\":\"https:\/\/beep.rent\/baza-wiedzy\/wp-content\/uploads\/2026\/01\/Gemini_Generated_Image_s1w55is1w55is1w5-scaled.jpg\",\"contentUrl\":\"https:\/\/beep.rent\/baza-wiedzy\/wp-content\/uploads\/2026\/01\/Gemini_Generated_Image_s1w55is1w55is1w5-scaled.jpg\",\"width\":2560,\"height\":1396,\"caption\":\"wynajem busa\"},{\"@type\":\"BreadcrumbList\",\"@id\":\"https:\/\/beep.rent\/baza-wiedzy\/wynajem-busa-czy-dwoch-mniejszych-aut-liczymy-co-bardziej-oplaca-sie-przy-wyjezdzie-grupowym\/#breadcrumb\",\"itemListElement\":[{\"@type\":\"ListItem\",\"position\":1,\"name\":\"Strona g\u0142\u00f3wna\",\"item\":\"https:\/\/beep.rent\/baza-wiedzy\/\"},{\"@type\":\"ListItem\",\"position\":2,\"name\":\"Wynajem busa czy dw\u00f3ch mniejszych aut? Liczymy, co bardziej op\u0142aca si\u0119 przy wyje\u017adzie grupowym\"}]},{\"@type\":\"WebSite\",\"@id\":\"https:\/\/beep.rent\/baza-wiedzy\/#website\",\"url\":\"https:\/\/beep.rent\/baza-wiedzy\/\",\"name\":\"BEEP.rent\",\"description\":\"BEEP.rent\",\"potentialAction\":[{\"@type\":\"SearchAction\",\"target\":{\"@type\":\"EntryPoint\",\"urlTemplate\":\"https:\/\/beep.rent\/baza-wiedzy\/?s={search_term_string}\"},\"query-input\":{\"@type\":\"PropertyValueSpecification\",\"valueRequired\":true,\"valueName\":\"search_term_string\"}}],\"inLanguage\":\"pl-PL\"},{\"@type\":\"Person\",\"@id\":\"https:\/\/beep.rent\/baza-wiedzy\/#\/schema\/person\/5db2e9c7e814c8450566b7fc8b6e124c\",\"name\":\"BEEP\",\"image\":{\"@type\":\"ImageObject\",\"inLanguage\":\"pl-PL\",\"@id\":\"https:\/\/beep.rent\/baza-wiedzy\/#\/schema\/person\/image\/\",\"url\":\"https:\/\/beep.rent\/baza-wiedzy\/wp-content\/uploads\/2025\/01\/cropped-Zrzut-ekranu-z-2025-01-28-11-11-55-96x96.png\",\"contentUrl\":\"https:\/\/beep.rent\/baza-wiedzy\/wp-content\/uploads\/2025\/01\/cropped-Zrzut-ekranu-z-2025-01-28-11-11-55-96x96.png\",\"caption\":\"BEEP\"},\"url\":\"https:\/\/beep.rent\/baza-wiedzy\/autor\/devbeep-rent\/\"}]}<\/script>\n<!-- \/ Yoast SEO plugin. -->","yoast_head_json":{"title":"Wynajem busa czy dw\u00f3ch mniejszych aut? Liczymy, co bardziej op\u0142aca si\u0119 przy wyje\u017adzie grupowym - BEEP.rent","description":"Por\u00f3wnajmy ile kosztuje wynajem busa na konkretnym przyk\u0142adzie. Wyjazd narciarski na ferie - trasa Wroc\u0142aw - Innsbruck - Wroc\u0142aw","robots":{"index":"index","follow":"follow","max-snippet":"max-snippet:-1","max-image-preview":"max-image-preview:large","max-video-preview":"max-video-preview:-1"},"canonical":"https:\/\/beep.rent\/baza-wiedzy\/wynajem-busa-czy-dwoch-mniejszych-aut-liczymy-co-bardziej-oplaca-sie-przy-wyjezdzie-grupowym\/","og_locale":"pl_PL","og_type":"article","og_title":"Wynajem busa czy dw\u00f3ch mniejszych aut? Liczymy, co bardziej op\u0142aca si\u0119 przy wyje\u017adzie grupowym - BEEP.rent","og_description":"Por\u00f3wnajmy ile kosztuje wynajem busa na konkretnym przyk\u0142adzie. Wyjazd narciarski na ferie - trasa Wroc\u0142aw - Innsbruck - Wroc\u0142aw","og_url":"https:\/\/beep.rent\/baza-wiedzy\/wynajem-busa-czy-dwoch-mniejszych-aut-liczymy-co-bardziej-oplaca-sie-przy-wyjezdzie-grupowym\/","og_site_name":"BEEP.rent","article_published_time":"2026-01-12T12:35:21+00:00","article_modified_time":"2026-03-05T13:30:41+00:00","og_image":[{"width":2560,"height":1396,"url":"https:\/\/beep.rent\/baza-wiedzy\/wp-content\/uploads\/2026\/01\/Gemini_Generated_Image_s1w55is1w55is1w5-scaled.jpg","type":"image\/jpeg"}],"author":"BEEP","twitter_card":"summary_large_image","twitter_misc":{"Napisane przez":"BEEP","Szacowany czas czytania":"3 minuty"},"schema":{"@context":"https:\/\/schema.org","@graph":[{"@type":"WebPage","@id":"https:\/\/beep.rent\/baza-wiedzy\/wynajem-busa-czy-dwoch-mniejszych-aut-liczymy-co-bardziej-oplaca-sie-przy-wyjezdzie-grupowym\/","url":"https:\/\/beep.rent\/baza-wiedzy\/wynajem-busa-czy-dwoch-mniejszych-aut-liczymy-co-bardziej-oplaca-sie-przy-wyjezdzie-grupowym\/","name":"Wynajem busa czy dw\u00f3ch mniejszych aut? Liczymy, co bardziej op\u0142aca si\u0119 przy wyje\u017adzie grupowym - BEEP.rent","isPartOf":{"@id":"https:\/\/beep.rent\/baza-wiedzy\/#website"},"primaryImageOfPage":{"@id":"https:\/\/beep.rent\/baza-wiedzy\/wynajem-busa-czy-dwoch-mniejszych-aut-liczymy-co-bardziej-oplaca-sie-przy-wyjezdzie-grupowym\/#primaryimage"},"image":{"@id":"https:\/\/beep.rent\/baza-wiedzy\/wynajem-busa-czy-dwoch-mniejszych-aut-liczymy-co-bardziej-oplaca-sie-przy-wyjezdzie-grupowym\/#primaryimage"},"thumbnailUrl":"https:\/\/beep.rent\/baza-wiedzy\/wp-content\/uploads\/2026\/01\/Gemini_Generated_Image_s1w55is1w55is1w5-scaled.jpg","datePublished":"2026-01-12T12:35:21+00:00","dateModified":"2026-03-05T13:30:41+00:00","author":{"@id":"https:\/\/beep.rent\/baza-wiedzy\/#\/schema\/person\/5db2e9c7e814c8450566b7fc8b6e124c"},"description":"Por\u00f3wnajmy ile kosztuje wynajem busa na konkretnym przyk\u0142adzie. Wyjazd narciarski na ferie - trasa Wroc\u0142aw - Innsbruck - Wroc\u0142aw","breadcrumb":{"@id":"https:\/\/beep.rent\/baza-wiedzy\/wynajem-busa-czy-dwoch-mniejszych-aut-liczymy-co-bardziej-oplaca-sie-przy-wyjezdzie-grupowym\/#breadcrumb"},"inLanguage":"pl-PL","potentialAction":[{"@type":"ReadAction","target":["https:\/\/beep.rent\/baza-wiedzy\/wynajem-busa-czy-dwoch-mniejszych-aut-liczymy-co-bardziej-oplaca-sie-przy-wyjezdzie-grupowym\/"]}]},{"@type":"ImageObject","inLanguage":"pl-PL","@id":"https:\/\/beep.rent\/baza-wiedzy\/wynajem-busa-czy-dwoch-mniejszych-aut-liczymy-co-bardziej-oplaca-sie-przy-wyjezdzie-grupowym\/#primaryimage","url":"https:\/\/beep.rent\/baza-wiedzy\/wp-content\/uploads\/2026\/01\/Gemini_Generated_Image_s1w55is1w55is1w5-scaled.jpg","contentUrl":"https:\/\/beep.rent\/baza-wiedzy\/wp-content\/uploads\/2026\/01\/Gemini_Generated_Image_s1w55is1w55is1w5-scaled.jpg","width":2560,"height":1396,"caption":"wynajem busa"},{"@type":"BreadcrumbList","@id":"https:\/\/beep.rent\/baza-wiedzy\/wynajem-busa-czy-dwoch-mniejszych-aut-liczymy-co-bardziej-oplaca-sie-przy-wyjezdzie-grupowym\/#breadcrumb","itemListElement":[{"@type":"ListItem","position":1,"name":"Strona g\u0142\u00f3wna","item":"https:\/\/beep.rent\/baza-wiedzy\/"},{"@type":"ListItem","position":2,"name":"Wynajem busa czy dw\u00f3ch mniejszych aut? Liczymy, co bardziej op\u0142aca si\u0119 przy wyje\u017adzie grupowym"}]},{"@type":"WebSite","@id":"https:\/\/beep.rent\/baza-wiedzy\/#website","url":"https:\/\/beep.rent\/baza-wiedzy\/","name":"BEEP.rent","description":"BEEP.rent","potentialAction":[{"@type":"SearchAction","target":{"@type":"EntryPoint","urlTemplate":"https:\/\/beep.rent\/baza-wiedzy\/?s={search_term_string}"},"query-input":{"@type":"PropertyValueSpecification","valueRequired":true,"valueName":"search_term_string"}}],"inLanguage":"pl-PL"},{"@type":"Person","@id":"https:\/\/beep.rent\/baza-wiedzy\/#\/schema\/person\/5db2e9c7e814c8450566b7fc8b6e124c","name":"BEEP","image":{"@type":"ImageObject","inLanguage":"pl-PL","@id":"https:\/\/beep.rent\/baza-wiedzy\/#\/schema\/person\/image\/","url":"https:\/\/beep.rent\/baza-wiedzy\/wp-content\/uploads\/2025\/01\/cropped-Zrzut-ekranu-z-2025-01-28-11-11-55-96x96.png","contentUrl":"https:\/\/beep.rent\/baza-wiedzy\/wp-content\/uploads\/2025\/01\/cropped-Zrzut-ekranu-z-2025-01-28-11-11-55-96x96.png","caption":"BEEP"},"url":"https:\/\/beep.rent\/baza-wiedzy\/autor\/devbeep-rent\/"}]}},"_links":{"self":[{"href":"https:\/\/beep.rent\/baza-wiedzy\/wp-json\/wp\/v2\/posts\/1716","targetHints":{"allow":["GET"]}}],"collection":[{"href":"https:\/\/beep.rent\/baza-wiedzy\/wp-json\/wp\/v2\/posts"}],"about":[{"href":"https:\/\/beep.rent\/baza-wiedzy\/wp-json\/wp\/v2\/types\/post"}],"author":[{"embeddable":true,"href":"https:\/\/beep.rent\/baza-wiedzy\/wp-json\/wp\/v2\/users\/8"}],"replies":[{"embeddable":true,"href":"https:\/\/beep.rent\/baza-wiedzy\/wp-json\/wp\/v2\/comments?post=1716"}],"version-history":[{"count":1,"href":"https:\/\/beep.rent\/baza-wiedzy\/wp-json\/wp\/v2\/posts\/1716\/revisions"}],"predecessor-version":[{"id":1718,"href":"https:\/\/beep.rent\/baza-wiedzy\/wp-json\/wp\/v2\/posts\/1716\/revisions\/1718"}],"wp:featuredmedia":[{"embeddable":true,"href":"https:\/\/beep.rent\/baza-wiedzy\/wp-json\/wp\/v2\/media\/1717"}],"wp:attachment":[{"href":"https:\/\/beep.rent\/baza-wiedzy\/wp-json\/wp\/v2\/media?parent=1716"}],"wp:term":[{"taxonomy":"category","embeddable":true,"href":"https:\/\/beep.rent\/baza-wiedzy\/wp-json\/wp\/v2\/categories?post=1716"},{"taxonomy":"post_tag","embeddable":true,"href":"https:\/\/beep.rent\/baza-wiedzy\/wp-json\/wp\/v2\/tags?post=1716"}],"curies":[{"name":"wp","href":"https:\/\/api.w.org\/{rel}","templated":true}]}}