{"id":1723,"date":"2026-03-05T14:29:27","date_gmt":"2026-03-05T13:29:27","guid":{"rendered":"https:\/\/beep.rent\/baza-wiedzy\/?p=1723"},"modified":"2026-03-05T14:30:36","modified_gmt":"2026-03-05T13:30:36","slug":"wyjazd-na-ferie-autem-elektrycznym-czy-wynajetym-dieslem","status":"publish","type":"post","link":"https:\/\/beep.rent\/baza-wiedzy\/wyjazd-na-ferie-autem-elektrycznym-czy-wynajetym-dieslem\/","title":{"rendered":"Wyjazd na ferie autem elektrycznym czy wynaj\u0119tym dieslem?"},"content":{"rendered":"\n<p><strong>Planuj\u0105c zimowy wyjazd na ferie autem elektrycznym, na przyk\u0142ad do W\u0142och, warto dok\u0142adnie przeliczy\u0107 koszty i czas podr\u00f3\u017cy. Por\u00f3wnujemy dwa scenariusze na trasie licz\u0105cej 2500 kilometr\u00f3w: jazd\u0119 samochodem elektrycznym oraz wynaj\u0119tym dieslem. Wyniki pokazuj\u0105, \u017ce r\u00f3\u017cnice finansowe s\u0105 niewielkie, ale r\u00f3\u017cnice w komforcie mog\u0105 by\u0107 znacz\u0105ce.<\/strong><\/p>\n\n\n\n<p><strong>Koszty podr\u00f3\u017cy na dystansie 2500 kilometr\u00f3w<\/strong><\/p>\n\n\n\n<p>Podr\u00f3\u017c autem elektrycznym wi\u0105\u017ce si\u0119 z wydatkiem rz\u0119du 2325 z\u0142otych. Kwota ta wynika z ceny 3,10 z\u0142otych za kWh na szybkich \u0142adowarkach oraz zu\u017cycia na poziomie 30 kWh na 100 kilometr\u00f3w. Takie zu\u017cycie energii jest faktem przy niskich temperaturach, pe\u0142nym baga\u017cniku i du\u017cej rodzinie w aucie o wi\u0119kszych gabarytach.<\/p>\n\n\n\n<p>W przypadku wynaj\u0119tego diesla \u0142\u0105czny koszt wynosi 2485 z\u0142otych. Na t\u0119 sum\u0119 sk\u0142ada si\u0119 wynajem auta na siedem dni za 1330 z\u0142otych oraz paliwo za 1155 z\u0142otych. Obliczenia oparto na \u015bredniej cenie paliwa 6,60 z\u0142otych za litr i spalaniu 7 litr\u00f3w na 100 kilometr\u00f3w. Dobowe <a href=\"https:\/\/beep.rent\/baza-wiedzy\/koszt-wynajmu-samochodu-co-wplywa-na-cene-i-jak-tanio-wynajac-auto\/\">wypo\u017cyczenie<\/a> pojemnego kombi bez limitu kilometr\u00f3w to koszt oko\u0142o 190 z\u0142otych. W takiej cenie bez problemu mo\u017cna znale\u017a\u0107 odpowiedni pojazd.<\/p>\n\n\n\n<p><strong>Wp\u0142yw zimy na zasi\u0119g i czas przejazdu<\/strong><\/p>\n\n\n\n<p>Cho\u0107 elektryk pozwala zaoszcz\u0119dzi\u0107 160 z\u0142otych, oszcz\u0119dno\u015b\u0107 ta wi\u0105\u017ce si\u0119 z dodatkowym czasem sp\u0119dzonym w trasie. Zima znacz\u0105co ogranicza wydajno\u015b\u0107 baterii. Przy \u0142adowaniu w najskuteczniejszym zakresie od 10 do 80 procent, zasi\u0119g auta z bateri\u0105 o pojemno\u015bci oko\u0142o 75-80 kWh spada do blisko 200 kilometr\u00f3w. Wymusza to kilkana\u015bcie postoj\u00f3w na ca\u0142ej trasie. Ka\u017cde \u0142adowanie trwa od 20 do 30 minut, co sumarycznie wyd\u0142u\u017ca podr\u00f3\u017c o oko\u0142o 5 do 6 godzin.<\/p>\n\n\n\n<p><strong>Przewaga diesla w dalekiej trasie<\/strong><\/p>\n\n\n\n<p>Jazda dieslem wymaga jedynie 3 lub 4 tankowa\u0144 podczas ca\u0142ego wyjazdu. Zajmuje to \u0142\u0105cznie oko\u0142o p\u00f3\u0142 godziny. Pozwala to unikn\u0105\u0107 kolejki do punkt\u00f3w \u0142adowania, kt\u00f3re w popularnych kurortach i na obci\u0105\u017conych trasach dojazdowych s\u0105 w szczycie sezonu niemal pewne.<\/p>\n\n\n\n<p><strong>Spok\u00f3j jako priorytet zimowego wyjazdu<\/strong><\/p>\n\n\n\n<p>Wyb\u00f3r nowoczesnego diesla na roczny wyjazd rodzinny to rozwi\u0105zanie zapewniaj\u0105ce brak stresu. Pozwala dotrze\u0107 do celu szybciej i bez obaw o gwa\u0142towny spadek energii przy temperaturze poni\u017cej minus 10 stopni. Op\u0142acenie wynajmu przek\u0142ada si\u0119 na p\u0142ynn\u0105 jazd\u0119 bez zb\u0119dnych komplikacji logistycznych.<\/p>\n","protected":false},"excerpt":{"rendered":"<p>Planuj\u0105c zimowy wyjazd na ferie autem elektrycznym, na przyk\u0142ad do W\u0142och, warto dok\u0142adnie przeliczy\u0107 koszty i czas podr\u00f3\u017cy. Por\u00f3wnujemy dwa scenariusze na trasie licz\u0105cej 2500 kilometr\u00f3w: ja &#8230;<\/p>\n","protected":false},"author":8,"featured_media":1724,"comment_status":"closed","ping_status":"closed","sticky":false,"template":"","format":"standard","meta":{"footnotes":""},"categories":[57],"tags":[65,31,38,13],"class_list":["post-1723","post","type-post","status-publish","format-standard","has-post-thumbnail","hentry","category-porady","tag-auto-elektryczne","tag-ciekawostki-motoryzacyjne","tag-porady-beep","tag-wynajem-aut"],"acf":[],"yoast_head":"<!-- This site is optimized with the Yoast SEO plugin v24.7 - https:\/\/yoast.com\/wordpress\/plugins\/seo\/ -->\n<title>Wyjazd na ferie autem elektrycznym czy wynaj\u0119tym dieslem? - BEEP.rent<\/title>\n<meta name=\"description\" content=\"Planuj\u0105c zimowy wyjazd na ferie autem elektrycznym, na przyk\u0142ad do W\u0142och, warto dok\u0142adnie przeliczy\u0107 koszty i czas podr\u00f3\u017cy\" \/>\n<meta name=\"robots\" content=\"index, follow, max-snippet:-1, max-image-preview:large, max-video-preview:-1\" \/>\n<link rel=\"canonical\" href=\"https:\/\/beep.rent\/baza-wiedzy\/wyjazd-na-ferie-autem-elektrycznym-czy-wynajetym-dieslem\/\" \/>\n<meta property=\"og:locale\" content=\"pl_PL\" \/>\n<meta property=\"og:type\" content=\"article\" \/>\n<meta property=\"og:title\" content=\"Wyjazd na ferie autem elektrycznym czy wynaj\u0119tym dieslem? - BEEP.rent\" \/>\n<meta property=\"og:description\" content=\"Planuj\u0105c zimowy wyjazd na ferie autem elektrycznym, na przyk\u0142ad do W\u0142och, warto dok\u0142adnie przeliczy\u0107 koszty i czas podr\u00f3\u017cy\" \/>\n<meta property=\"og:url\" content=\"https:\/\/beep.rent\/baza-wiedzy\/wyjazd-na-ferie-autem-elektrycznym-czy-wynajetym-dieslem\/\" \/>\n<meta property=\"og:site_name\" content=\"BEEP.rent\" \/>\n<meta property=\"article:published_time\" content=\"2026-03-05T13:29:27+00:00\" \/>\n<meta property=\"article:modified_time\" content=\"2026-03-05T13:30:36+00:00\" \/>\n<meta property=\"og:image\" content=\"https:\/\/beep.rent\/baza-wiedzy\/wp-content\/uploads\/2026\/03\/elektryk-zima.jpg\" \/>\n\t<meta property=\"og:image:width\" content=\"951\" \/>\n\t<meta property=\"og:image:height\" content=\"540\" \/>\n\t<meta property=\"og:image:type\" content=\"image\/jpeg\" \/>\n<meta name=\"author\" content=\"BEEP\" \/>\n<meta name=\"twitter:card\" content=\"summary_large_image\" \/>\n<meta name=\"twitter:label1\" content=\"Napisane przez\" \/>\n\t<meta name=\"twitter:data1\" content=\"BEEP\" \/>\n\t<meta name=\"twitter:label2\" content=\"Szacowany czas czytania\" \/>\n\t<meta name=\"twitter:data2\" content=\"3 minuty\" \/>\n<script type=\"application\/ld+json\" class=\"yoast-schema-graph\">{\"@context\":\"https:\/\/schema.org\",\"@graph\":[{\"@type\":\"WebPage\",\"@id\":\"https:\/\/beep.rent\/baza-wiedzy\/wyjazd-na-ferie-autem-elektrycznym-czy-wynajetym-dieslem\/\",\"url\":\"https:\/\/beep.rent\/baza-wiedzy\/wyjazd-na-ferie-autem-elektrycznym-czy-wynajetym-dieslem\/\",\"name\":\"Wyjazd na ferie autem elektrycznym czy wynaj\u0119tym dieslem? - BEEP.rent\",\"isPartOf\":{\"@id\":\"https:\/\/beep.rent\/baza-wiedzy\/#website\"},\"primaryImageOfPage\":{\"@id\":\"https:\/\/beep.rent\/baza-wiedzy\/wyjazd-na-ferie-autem-elektrycznym-czy-wynajetym-dieslem\/#primaryimage\"},\"image\":{\"@id\":\"https:\/\/beep.rent\/baza-wiedzy\/wyjazd-na-ferie-autem-elektrycznym-czy-wynajetym-dieslem\/#primaryimage\"},\"thumbnailUrl\":\"https:\/\/beep.rent\/baza-wiedzy\/wp-content\/uploads\/2026\/03\/elektryk-zima.jpg\",\"datePublished\":\"2026-03-05T13:29:27+00:00\",\"dateModified\":\"2026-03-05T13:30:36+00:00\",\"author\":{\"@id\":\"https:\/\/beep.rent\/baza-wiedzy\/#\/schema\/person\/5db2e9c7e814c8450566b7fc8b6e124c\"},\"description\":\"Planuj\u0105c zimowy wyjazd na ferie autem elektrycznym, na przyk\u0142ad do W\u0142och, warto dok\u0142adnie przeliczy\u0107 koszty i czas podr\u00f3\u017cy\",\"breadcrumb\":{\"@id\":\"https:\/\/beep.rent\/baza-wiedzy\/wyjazd-na-ferie-autem-elektrycznym-czy-wynajetym-dieslem\/#breadcrumb\"},\"inLanguage\":\"pl-PL\",\"potentialAction\":[{\"@type\":\"ReadAction\",\"target\":[\"https:\/\/beep.rent\/baza-wiedzy\/wyjazd-na-ferie-autem-elektrycznym-czy-wynajetym-dieslem\/\"]}]},{\"@type\":\"ImageObject\",\"inLanguage\":\"pl-PL\",\"@id\":\"https:\/\/beep.rent\/baza-wiedzy\/wyjazd-na-ferie-autem-elektrycznym-czy-wynajetym-dieslem\/#primaryimage\",\"url\":\"https:\/\/beep.rent\/baza-wiedzy\/wp-content\/uploads\/2026\/03\/elektryk-zima.jpg\",\"contentUrl\":\"https:\/\/beep.rent\/baza-wiedzy\/wp-content\/uploads\/2026\/03\/elektryk-zima.jpg\",\"width\":951,\"height\":540,\"caption\":\"Wyjazd na ferie autem elektrycznym\"},{\"@type\":\"BreadcrumbList\",\"@id\":\"https:\/\/beep.rent\/baza-wiedzy\/wyjazd-na-ferie-autem-elektrycznym-czy-wynajetym-dieslem\/#breadcrumb\",\"itemListElement\":[{\"@type\":\"ListItem\",\"position\":1,\"name\":\"Strona g\u0142\u00f3wna\",\"item\":\"https:\/\/beep.rent\/baza-wiedzy\/\"},{\"@type\":\"ListItem\",\"position\":2,\"name\":\"Wyjazd na ferie autem elektrycznym czy wynaj\u0119tym dieslem?\"}]},{\"@type\":\"WebSite\",\"@id\":\"https:\/\/beep.rent\/baza-wiedzy\/#website\",\"url\":\"https:\/\/beep.rent\/baza-wiedzy\/\",\"name\":\"BEEP.rent\",\"description\":\"BEEP.rent\",\"potentialAction\":[{\"@type\":\"SearchAction\",\"target\":{\"@type\":\"EntryPoint\",\"urlTemplate\":\"https:\/\/beep.rent\/baza-wiedzy\/?s={search_term_string}\"},\"query-input\":{\"@type\":\"PropertyValueSpecification\",\"valueRequired\":true,\"valueName\":\"search_term_string\"}}],\"inLanguage\":\"pl-PL\"},{\"@type\":\"Person\",\"@id\":\"https:\/\/beep.rent\/baza-wiedzy\/#\/schema\/person\/5db2e9c7e814c8450566b7fc8b6e124c\",\"name\":\"BEEP\",\"image\":{\"@type\":\"ImageObject\",\"inLanguage\":\"pl-PL\",\"@id\":\"https:\/\/beep.rent\/baza-wiedzy\/#\/schema\/person\/image\/\",\"url\":\"https:\/\/beep.rent\/baza-wiedzy\/wp-content\/uploads\/2025\/01\/cropped-Zrzut-ekranu-z-2025-01-28-11-11-55-96x96.png\",\"contentUrl\":\"https:\/\/beep.rent\/baza-wiedzy\/wp-content\/uploads\/2025\/01\/cropped-Zrzut-ekranu-z-2025-01-28-11-11-55-96x96.png\",\"caption\":\"BEEP\"},\"url\":\"https:\/\/beep.rent\/baza-wiedzy\/autor\/devbeep-rent\/\"}]}<\/script>\n<!-- \/ Yoast SEO plugin. -->","yoast_head_json":{"title":"Wyjazd na ferie autem elektrycznym czy wynaj\u0119tym dieslem? - BEEP.rent","description":"Planuj\u0105c zimowy wyjazd na ferie autem elektrycznym, na przyk\u0142ad do W\u0142och, warto dok\u0142adnie przeliczy\u0107 koszty i czas podr\u00f3\u017cy","robots":{"index":"index","follow":"follow","max-snippet":"max-snippet:-1","max-image-preview":"max-image-preview:large","max-video-preview":"max-video-preview:-1"},"canonical":"https:\/\/beep.rent\/baza-wiedzy\/wyjazd-na-ferie-autem-elektrycznym-czy-wynajetym-dieslem\/","og_locale":"pl_PL","og_type":"article","og_title":"Wyjazd na ferie autem elektrycznym czy wynaj\u0119tym dieslem? - BEEP.rent","og_description":"Planuj\u0105c zimowy wyjazd na ferie autem elektrycznym, na przyk\u0142ad do W\u0142och, warto dok\u0142adnie przeliczy\u0107 koszty i czas podr\u00f3\u017cy","og_url":"https:\/\/beep.rent\/baza-wiedzy\/wyjazd-na-ferie-autem-elektrycznym-czy-wynajetym-dieslem\/","og_site_name":"BEEP.rent","article_published_time":"2026-03-05T13:29:27+00:00","article_modified_time":"2026-03-05T13:30:36+00:00","og_image":[{"width":951,"height":540,"url":"https:\/\/beep.rent\/baza-wiedzy\/wp-content\/uploads\/2026\/03\/elektryk-zima.jpg","type":"image\/jpeg"}],"author":"BEEP","twitter_card":"summary_large_image","twitter_misc":{"Napisane przez":"BEEP","Szacowany czas czytania":"3 minuty"},"schema":{"@context":"https:\/\/schema.org","@graph":[{"@type":"WebPage","@id":"https:\/\/beep.rent\/baza-wiedzy\/wyjazd-na-ferie-autem-elektrycznym-czy-wynajetym-dieslem\/","url":"https:\/\/beep.rent\/baza-wiedzy\/wyjazd-na-ferie-autem-elektrycznym-czy-wynajetym-dieslem\/","name":"Wyjazd na ferie autem elektrycznym czy wynaj\u0119tym dieslem? - BEEP.rent","isPartOf":{"@id":"https:\/\/beep.rent\/baza-wiedzy\/#website"},"primaryImageOfPage":{"@id":"https:\/\/beep.rent\/baza-wiedzy\/wyjazd-na-ferie-autem-elektrycznym-czy-wynajetym-dieslem\/#primaryimage"},"image":{"@id":"https:\/\/beep.rent\/baza-wiedzy\/wyjazd-na-ferie-autem-elektrycznym-czy-wynajetym-dieslem\/#primaryimage"},"thumbnailUrl":"https:\/\/beep.rent\/baza-wiedzy\/wp-content\/uploads\/2026\/03\/elektryk-zima.jpg","datePublished":"2026-03-05T13:29:27+00:00","dateModified":"2026-03-05T13:30:36+00:00","author":{"@id":"https:\/\/beep.rent\/baza-wiedzy\/#\/schema\/person\/5db2e9c7e814c8450566b7fc8b6e124c"},"description":"Planuj\u0105c zimowy wyjazd na ferie autem elektrycznym, na przyk\u0142ad do W\u0142och, warto dok\u0142adnie przeliczy\u0107 koszty i czas podr\u00f3\u017cy","breadcrumb":{"@id":"https:\/\/beep.rent\/baza-wiedzy\/wyjazd-na-ferie-autem-elektrycznym-czy-wynajetym-dieslem\/#breadcrumb"},"inLanguage":"pl-PL","potentialAction":[{"@type":"ReadAction","target":["https:\/\/beep.rent\/baza-wiedzy\/wyjazd-na-ferie-autem-elektrycznym-czy-wynajetym-dieslem\/"]}]},{"@type":"ImageObject","inLanguage":"pl-PL","@id":"https:\/\/beep.rent\/baza-wiedzy\/wyjazd-na-ferie-autem-elektrycznym-czy-wynajetym-dieslem\/#primaryimage","url":"https:\/\/beep.rent\/baza-wiedzy\/wp-content\/uploads\/2026\/03\/elektryk-zima.jpg","contentUrl":"https:\/\/beep.rent\/baza-wiedzy\/wp-content\/uploads\/2026\/03\/elektryk-zima.jpg","width":951,"height":540,"caption":"Wyjazd na ferie autem elektrycznym"},{"@type":"BreadcrumbList","@id":"https:\/\/beep.rent\/baza-wiedzy\/wyjazd-na-ferie-autem-elektrycznym-czy-wynajetym-dieslem\/#breadcrumb","itemListElement":[{"@type":"ListItem","position":1,"name":"Strona g\u0142\u00f3wna","item":"https:\/\/beep.rent\/baza-wiedzy\/"},{"@type":"ListItem","position":2,"name":"Wyjazd na ferie autem elektrycznym czy wynaj\u0119tym dieslem?"}]},{"@type":"WebSite","@id":"https:\/\/beep.rent\/baza-wiedzy\/#website","url":"https:\/\/beep.rent\/baza-wiedzy\/","name":"BEEP.rent","description":"BEEP.rent","potentialAction":[{"@type":"SearchAction","target":{"@type":"EntryPoint","urlTemplate":"https:\/\/beep.rent\/baza-wiedzy\/?s={search_term_string}"},"query-input":{"@type":"PropertyValueSpecification","valueRequired":true,"valueName":"search_term_string"}}],"inLanguage":"pl-PL"},{"@type":"Person","@id":"https:\/\/beep.rent\/baza-wiedzy\/#\/schema\/person\/5db2e9c7e814c8450566b7fc8b6e124c","name":"BEEP","image":{"@type":"ImageObject","inLanguage":"pl-PL","@id":"https:\/\/beep.rent\/baza-wiedzy\/#\/schema\/person\/image\/","url":"https:\/\/beep.rent\/baza-wiedzy\/wp-content\/uploads\/2025\/01\/cropped-Zrzut-ekranu-z-2025-01-28-11-11-55-96x96.png","contentUrl":"https:\/\/beep.rent\/baza-wiedzy\/wp-content\/uploads\/2025\/01\/cropped-Zrzut-ekranu-z-2025-01-28-11-11-55-96x96.png","caption":"BEEP"},"url":"https:\/\/beep.rent\/baza-wiedzy\/autor\/devbeep-rent\/"}]}},"_links":{"self":[{"href":"https:\/\/beep.rent\/baza-wiedzy\/wp-json\/wp\/v2\/posts\/1723","targetHints":{"allow":["GET"]}}],"collection":[{"href":"https:\/\/beep.rent\/baza-wiedzy\/wp-json\/wp\/v2\/posts"}],"about":[{"href":"https:\/\/beep.rent\/baza-wiedzy\/wp-json\/wp\/v2\/types\/post"}],"author":[{"embeddable":true,"href":"https:\/\/beep.rent\/baza-wiedzy\/wp-json\/wp\/v2\/users\/8"}],"replies":[{"embeddable":true,"href":"https:\/\/beep.rent\/baza-wiedzy\/wp-json\/wp\/v2\/comments?post=1723"}],"version-history":[{"count":1,"href":"https:\/\/beep.rent\/baza-wiedzy\/wp-json\/wp\/v2\/posts\/1723\/revisions"}],"predecessor-version":[{"id":1725,"href":"https:\/\/beep.rent\/baza-wiedzy\/wp-json\/wp\/v2\/posts\/1723\/revisions\/1725"}],"wp:featuredmedia":[{"embeddable":true,"href":"https:\/\/beep.rent\/baza-wiedzy\/wp-json\/wp\/v2\/media\/1724"}],"wp:attachment":[{"href":"https:\/\/beep.rent\/baza-wiedzy\/wp-json\/wp\/v2\/media?parent=1723"}],"wp:term":[{"taxonomy":"category","embeddable":true,"href":"https:\/\/beep.rent\/baza-wiedzy\/wp-json\/wp\/v2\/categories?post=1723"},{"taxonomy":"post_tag","embeddable":true,"href":"https:\/\/beep.rent\/baza-wiedzy\/wp-json\/wp\/v2\/tags?post=1723"}],"curies":[{"name":"wp","href":"https:\/\/api.w.org\/{rel}","templated":true}]}}